{"id":19979,"date":"2026-04-30T14:22:25","date_gmt":"2026-04-30T20:22:25","guid":{"rendered":"https:\/\/www.diarioholaveracruz.com.mx\/sitio\/?p=19979"},"modified":"2026-04-30T14:22:25","modified_gmt":"2026-04-30T20:22:25","slug":"concluye-con-exito-caravana-del-dia-de-la-nina-y-el-nino-en-castillo-de-teayo","status":"publish","type":"post","link":"https:\/\/www.diarioholaveracruz.com.mx\/sitio\/concluye-con-exito-caravana-del-dia-de-la-nina-y-el-nino-en-castillo-de-teayo\/","title":{"rendered":"Concluye con \u00e9xito Caravana del D\u00eda de la Ni\u00f1a y el Ni\u00f1o en Castillo de Teayo"},"content":{"rendered":"<p>La iniciativa recorri\u00f3 todas las comunidades del municipio, llevando alegr\u00eda y momentos de convivencia a la ni\u00f1ez teayense.<\/p>\n<p>Castillo de Teayo, Ver.\u2013 Con saldo positivo y una amplia participaci\u00f3n ciudadana, concluy\u00f3 la Caravana del D\u00eda de la Ni\u00f1a y el Ni\u00f1o, una iniciativa que logr\u00f3 visitar la totalidad de las comunidades del municipio, acercando actividades recreativas y momentos de esparcimiento a las familias.<\/p>\n<p>La presidenta del DIF Municipal, C. Anel Erika Montes Garc\u00eda, destac\u00f3 el cumplimiento de esta meta, al llevar sonrisas y experiencias significativas a ni\u00f1as y ni\u00f1os, mediante din\u00e1micas, obsequios y actividades dise\u00f1adas para fomentar la sana convivencia.<\/p>\n<p>Este esfuerzo se consolid\u00f3 gracias al trabajo coordinado con el presidente municipal, C. Obed M\u00e9ndez Fern\u00e1ndez, as\u00ed como con el respaldo del sistema DIF y el H. Ayuntamiento, quienes sumaron acciones para hacer posible esta jornada.<\/p>\n<p>De igual forma, se reconoci\u00f3 la participaci\u00f3n de la organizaci\u00f3n Animaci\u00f3n FunKids Poza Rica, cuya intervenci\u00f3n contribuy\u00f3 a enriquecer cada una de las visitas, fortaleciendo el ambiente festivo en las comunidades.<\/p>\n<p>Con este tipo de actividades, el gobierno municipal refrenda su compromiso con el bienestar de la ni\u00f1ez, promoviendo entornos de alegr\u00eda, integraci\u00f3n familiar y desarrollo social en todo el territorio de Castillo de Teayo.<div id='gallery-1' class='gallery galleryid-19979 gallery-columns-3 gallery-size-large'><figure class='gallery-item'>\n\t\t\t<div class='gallery-icon landscape'>\n\t\t\t\t<a href='https:\/\/www.diarioholaveracruz.com.mx\/sitio\/img-20260430-wa0054\/'><img loading=\"lazy\" loading=\"lazy\" decoding=\"async\" width=\"1024\" height=\"702\" src=\"https:\/\/www.diarioholaveracruz.com.mx\/sitio\/wp-content\/uploads\/2026\/04\/IMG-20260430-WA0054-1024x702.jpg\" class=\"attachment-large size-large\" alt=\"\" \/><\/a>\n\t\t\t<\/div><\/figure><figure class='gallery-item'>\n\t\t\t<div class='gallery-icon landscape'>\n\t\t\t\t<a href='https:\/\/www.diarioholaveracruz.com.mx\/sitio\/img-20260430-wa0055\/'><img loading=\"lazy\" loading=\"lazy\" decoding=\"async\" width=\"1024\" height=\"702\" src=\"https:\/\/www.diarioholaveracruz.com.mx\/sitio\/wp-content\/uploads\/2026\/04\/IMG-20260430-WA0055-1024x702.jpg\" class=\"attachment-large size-large\" alt=\"\" \/><\/a>\n\t\t\t<\/div><\/figure><figure class='gallery-item'>\n\t\t\t<div class='gallery-icon landscape'>\n\t\t\t\t<a href='https:\/\/www.diarioholaveracruz.com.mx\/sitio\/img-20260430-wa0053\/'><img loading=\"lazy\" loading=\"lazy\" decoding=\"async\" width=\"1024\" height=\"702\" src=\"https:\/\/www.diarioholaveracruz.com.mx\/sitio\/wp-content\/uploads\/2026\/04\/IMG-20260430-WA0053-1024x702.jpg\" class=\"attachment-large size-large\" alt=\"\" \/><\/a>\n\t\t\t<\/div><\/figure><figure class='gallery-item'>\n\t\t\t<div class='gallery-icon landscape'>\n\t\t\t\t<a href='https:\/\/www.diarioholaveracruz.com.mx\/sitio\/img-20260430-wa0052\/'><img loading=\"lazy\" loading=\"lazy\" decoding=\"async\" width=\"1024\" height=\"702\" src=\"https:\/\/www.diarioholaveracruz.com.mx\/sitio\/wp-content\/uploads\/2026\/04\/IMG-20260430-WA0052-1024x702.jpg\" class=\"attachment-large size-large\" alt=\"\" \/><\/a>\n\t\t\t<\/div><\/figure><figure class='gallery-item'>\n\t\t\t<div class='gallery-icon landscape'>\n\t\t\t\t<a href='https:\/\/www.diarioholaveracruz.com.mx\/sitio\/img-20260430-wa0058\/'><img loading=\"lazy\" loading=\"lazy\" decoding=\"async\" width=\"1024\" height=\"702\" src=\"https:\/\/www.diarioholaveracruz.com.mx\/sitio\/wp-content\/uploads\/2026\/04\/IMG-20260430-WA0058-1024x702.jpg\" class=\"attachment-large size-large\" alt=\"\" \/><\/a>\n\t\t\t<\/div><\/figure><figure class='gallery-item'>\n\t\t\t<div class='gallery-icon landscape'>\n\t\t\t\t<a href='https:\/\/www.diarioholaveracruz.com.mx\/sitio\/img-20260430-wa0057\/'><img loading=\"lazy\" loading=\"lazy\" decoding=\"async\" width=\"1024\" height=\"702\" src=\"https:\/\/www.diarioholaveracruz.com.mx\/sitio\/wp-content\/uploads\/2026\/04\/IMG-20260430-WA0057-1024x702.jpg\" class=\"attachment-large size-large\" alt=\"\" \/><\/a>\n\t\t\t<\/div><\/figure><figure class='gallery-item'>\n\t\t\t<div class='gallery-icon landscape'>\n\t\t\t\t<a href='https:\/\/www.diarioholaveracruz.com.mx\/sitio\/img-20260430-wa0056\/'><img loading=\"lazy\" loading=\"lazy\" decoding=\"async\" width=\"1024\" height=\"702\" src=\"https:\/\/www.diarioholaveracruz.com.mx\/sitio\/wp-content\/uploads\/2026\/04\/IMG-20260430-WA0056-1024x702.jpg\" class=\"attachment-large size-large\" alt=\"\" \/><\/a>\n\t\t\t<\/div><\/figure><figure class='gallery-item'>\n\t\t\t<div class='gallery-icon landscape'>\n\t\t\t\t<a href='https:\/\/www.diarioholaveracruz.com.mx\/sitio\/img-20260430-wa0060\/'><img loading=\"lazy\" loading=\"lazy\" decoding=\"async\" width=\"1024\" height=\"702\" src=\"https:\/\/www.diarioholaveracruz.com.mx\/sitio\/wp-content\/uploads\/2026\/04\/IMG-20260430-WA0060-1024x702.jpg\" class=\"attachment-large size-large\" alt=\"\" \/><\/a>\n\t\t\t<\/div><\/figure><figure class='gallery-item'>\n\t\t\t<div class='gallery-icon landscape'>\n\t\t\t\t<a href='https:\/\/www.diarioholaveracruz.com.mx\/sitio\/img-20260430-wa0059\/'><img loading=\"lazy\" loading=\"lazy\" decoding=\"async\" width=\"1024\" height=\"701\" src=\"https:\/\/www.diarioholaveracruz.com.mx\/sitio\/wp-content\/uploads\/2026\/04\/IMG-20260430-WA0059-1024x701.jpg\" class=\"attachment-large size-large\" alt=\"\" \/><\/a>\n\t\t\t<\/div><\/figure>\n\t\t<\/div>\n<\/p>\n","protected":false},"excerpt":{"rendered":"<p>La iniciativa recorri\u00f3 todas las comunidades del municipio, llevando alegr\u00eda y momentos de convivencia a la ni\u00f1ez teayense. Castillo de Teayo, Ver.\u2013 Con saldo positivo y una amplia participaci\u00f3n ciudadana, concluy\u00f3 la Caravana del D\u00eda de la Ni\u00f1a y el Ni\u00f1o, una iniciativa que logr\u00f3 visitar la totalidad de las comunidades del municipio, acercando actividades [&hellip;]<\/p>\n","protected":false},"author":2,"featured_media":20013,"comment_status":"open","ping_status":"open","sticky":false,"template":"","format":"standard","meta":{"pagelayer_contact_templates":[],"_pagelayer_content":"","footnotes":""},"categories":[50,44],"tags":[],"class_list":{"0":"post-19979","1":"post","2":"type-post","3":"status-publish","4":"format-standard","5":"has-post-thumbnail","7":"category-destacadas","8":"category-estatal"},"_links":{"self":[{"href":"https:\/\/www.diarioholaveracruz.com.mx\/sitio\/wp-json\/wp\/v2\/posts\/19979","targetHints":{"allow":["GET"]}}],"collection":[{"href":"https:\/\/www.diarioholaveracruz.com.mx\/sitio\/wp-json\/wp\/v2\/posts"}],"about":[{"href":"https:\/\/www.diarioholaveracruz.com.mx\/sitio\/wp-json\/wp\/v2\/types\/post"}],"author":[{"embeddable":true,"href":"https:\/\/www.diarioholaveracruz.com.mx\/sitio\/wp-json\/wp\/v2\/users\/2"}],"replies":[{"embeddable":true,"href":"https:\/\/www.diarioholaveracruz.com.mx\/sitio\/wp-json\/wp\/v2\/comments?post=19979"}],"version-history":[{"count":1,"href":"https:\/\/www.diarioholaveracruz.com.mx\/sitio\/wp-json\/wp\/v2\/posts\/19979\/revisions"}],"predecessor-version":[{"id":20023,"href":"https:\/\/www.diarioholaveracruz.com.mx\/sitio\/wp-json\/wp\/v2\/posts\/19979\/revisions\/20023"}],"wp:featuredmedia":[{"embeddable":true,"href":"https:\/\/www.diarioholaveracruz.com.mx\/sitio\/wp-json\/wp\/v2\/media\/20013"}],"wp:attachment":[{"href":"https:\/\/www.diarioholaveracruz.com.mx\/sitio\/wp-json\/wp\/v2\/media?parent=19979"}],"wp:term":[{"taxonomy":"category","embeddable":true,"href":"https:\/\/www.diarioholaveracruz.com.mx\/sitio\/wp-json\/wp\/v2\/categories?post=19979"},{"taxonomy":"post_tag","embeddable":true,"href":"https:\/\/www.diarioholaveracruz.com.mx\/sitio\/wp-json\/wp\/v2\/tags?post=19979"}],"curies":[{"name":"wp","href":"https:\/\/api.w.org\/{rel}","templated":true}]}}