{"id":20048,"date":"2026-04-30T17:21:36","date_gmt":"2026-04-30T23:21:36","guid":{"rendered":"https:\/\/www.diarioholaveracruz.com.mx\/sitio\/?p=20048"},"modified":"2026-04-30T17:21:36","modified_gmt":"2026-04-30T23:21:36","slug":"ratifica-tribunal-electoral-el-triunfo-de-pilar-guzman-medellin","status":"publish","type":"post","link":"https:\/\/www.diarioholaveracruz.com.mx\/sitio\/ratifica-tribunal-electoral-el-triunfo-de-pilar-guzman-medellin\/","title":{"rendered":"Ratifica Tribunal Electoral el triunfo de Pilar Guzm\u00e1n Medell\u00edn"},"content":{"rendered":"<p>En la resoluci\u00f3n definitiva emitida este jueves, el Tribunal Electoral Local ratific\u00f3 la victoria de Pilar Guzm\u00e1n Medell\u00edn como presidenta electa de Tamiahua, poniendo fin a las impugnaciones presentadas contra el proceso democr\u00e1tico.<\/p>\n<p>Con este fallo, la autoridad jurisdiccional confirma por tercera ocasi\u00f3n el resultado obtenido en las urnas, validando as\u00ed la voluntad ciudadana expresada por los habitantes del municipio.<\/p>\n<p>Al respecto, la diputada Citlali Medell\u00edn Careaga manifest\u00f3 el entusiasmo de la militancia ante esta decisi\u00f3n, se\u00f1alando que la familia verde se encuentra de fiesta por el reconocimiento oficial de un triunfo que calific\u00f3 como contundente. <\/p>\n<p>La legisladora destac\u00f3 que esta victoria se obtuvo inicialmente en la jornada electoral del primero de junio, fue ratificada posteriormente el 29 de marzo y hoy recibe un nuevo respaldo legal por parte del Tribunal.<\/p>\n<p>Durante su mensaje, la diputada subray\u00f3 la importancia de fortalecer la democracia a trav\u00e9s del respeto al voto popular, enfatizando que las elecciones deben ganarse en las urnas y no mediante procesos judiciales. <\/p>\n<p>Con esta resoluci\u00f3n, se reafirma que la decisi\u00f3n de las y los tamiahuenses ha sido escuchada y respetada, despejando el camino para que Pilar Guzm\u00e1n Medell\u00edn asuma formalmente la administraci\u00f3n municipal bajo el respaldo de la ley.<div id='gallery-1' class='gallery galleryid-20048 gallery-columns-3 gallery-size-thumbnail'><figure class='gallery-item'>\n\t\t\t<div class='gallery-icon portrait'>\n\t\t\t\t<a href='https:\/\/www.diarioholaveracruz.com.mx\/sitio\/ratifica-tribunal-electoral-el-triunfo-de-pilar-guzman-medellin\/img-20260430-wa0092\/'><img loading=\"lazy\" loading=\"lazy\" decoding=\"async\" width=\"150\" height=\"150\" src=\"https:\/\/www.diarioholaveracruz.com.mx\/sitio\/wp-content\/uploads\/2026\/04\/IMG-20260430-WA0092-150x150.jpg\" class=\"attachment-thumbnail size-thumbnail\" alt=\"\" \/><\/a>\n\t\t\t<\/div><\/figure><figure class='gallery-item'>\n\t\t\t<div class='gallery-icon portrait'>\n\t\t\t\t<a href='https:\/\/www.diarioholaveracruz.com.mx\/sitio\/ratifica-tribunal-electoral-el-triunfo-de-pilar-guzman-medellin\/img-20260430-wa0091\/'><img loading=\"lazy\" loading=\"lazy\" decoding=\"async\" width=\"150\" height=\"150\" src=\"https:\/\/www.diarioholaveracruz.com.mx\/sitio\/wp-content\/uploads\/2026\/04\/IMG-20260430-WA0091-150x150.jpg\" class=\"attachment-thumbnail size-thumbnail\" alt=\"\" \/><\/a>\n\t\t\t<\/div><\/figure><figure class='gallery-item'>\n\t\t\t<div class='gallery-icon landscape'>\n\t\t\t\t<a href='https:\/\/www.diarioholaveracruz.com.mx\/sitio\/ratifica-tribunal-electoral-el-triunfo-de-pilar-guzman-medellin\/img-20260430-wa0093\/'><img loading=\"lazy\" loading=\"lazy\" decoding=\"async\" width=\"150\" height=\"150\" src=\"https:\/\/www.diarioholaveracruz.com.mx\/sitio\/wp-content\/uploads\/2026\/04\/IMG-20260430-WA0093-150x150.jpg\" class=\"attachment-thumbnail size-thumbnail\" alt=\"\" \/><\/a>\n\t\t\t<\/div><\/figure>\n\t\t<\/div>\n<\/p>\n","protected":false},"excerpt":{"rendered":"<p>En la resoluci\u00f3n definitiva emitida este jueves, el Tribunal Electoral Local ratific\u00f3 la victoria de Pilar Guzm\u00e1n Medell\u00edn como presidenta electa de Tamiahua, poniendo fin a las impugnaciones presentadas contra el proceso democr\u00e1tico. Con este fallo, la autoridad jurisdiccional confirma por tercera ocasi\u00f3n el resultado obtenido en las urnas, validando as\u00ed la voluntad ciudadana expresada [&hellip;]<\/p>\n","protected":false},"author":2,"featured_media":20053,"comment_status":"open","ping_status":"open","sticky":false,"template":"","format":"standard","meta":{"pagelayer_contact_templates":[],"_pagelayer_content":"","footnotes":""},"categories":[50,44],"tags":[],"class_list":{"0":"post-20048","1":"post","2":"type-post","3":"status-publish","4":"format-standard","5":"has-post-thumbnail","7":"category-destacadas","8":"category-estatal"},"_links":{"self":[{"href":"https:\/\/www.diarioholaveracruz.com.mx\/sitio\/wp-json\/wp\/v2\/posts\/20048","targetHints":{"allow":["GET"]}}],"collection":[{"href":"https:\/\/www.diarioholaveracruz.com.mx\/sitio\/wp-json\/wp\/v2\/posts"}],"about":[{"href":"https:\/\/www.diarioholaveracruz.com.mx\/sitio\/wp-json\/wp\/v2\/types\/post"}],"author":[{"embeddable":true,"href":"https:\/\/www.diarioholaveracruz.com.mx\/sitio\/wp-json\/wp\/v2\/users\/2"}],"replies":[{"embeddable":true,"href":"https:\/\/www.diarioholaveracruz.com.mx\/sitio\/wp-json\/wp\/v2\/comments?post=20048"}],"version-history":[{"count":1,"href":"https:\/\/www.diarioholaveracruz.com.mx\/sitio\/wp-json\/wp\/v2\/posts\/20048\/revisions"}],"predecessor-version":[{"id":20054,"href":"https:\/\/www.diarioholaveracruz.com.mx\/sitio\/wp-json\/wp\/v2\/posts\/20048\/revisions\/20054"}],"wp:featuredmedia":[{"embeddable":true,"href":"https:\/\/www.diarioholaveracruz.com.mx\/sitio\/wp-json\/wp\/v2\/media\/20053"}],"wp:attachment":[{"href":"https:\/\/www.diarioholaveracruz.com.mx\/sitio\/wp-json\/wp\/v2\/media?parent=20048"}],"wp:term":[{"taxonomy":"category","embeddable":true,"href":"https:\/\/www.diarioholaveracruz.com.mx\/sitio\/wp-json\/wp\/v2\/categories?post=20048"},{"taxonomy":"post_tag","embeddable":true,"href":"https:\/\/www.diarioholaveracruz.com.mx\/sitio\/wp-json\/wp\/v2\/tags?post=20048"}],"curies":[{"name":"wp","href":"https:\/\/api.w.org\/{rel}","templated":true}]}}