{"id":20073,"date":"2026-04-30T20:41:15","date_gmt":"2026-05-01T02:41:15","guid":{"rendered":"https:\/\/www.diarioholaveracruz.com.mx\/sitio\/?p=20073"},"modified":"2026-04-30T20:41:15","modified_gmt":"2026-05-01T02:41:15","slug":"tradicion-viva-de-veracruz-se-comparte-en-el-tianguis-turistico","status":"publish","type":"post","link":"https:\/\/www.diarioholaveracruz.com.mx\/sitio\/tradicion-viva-de-veracruz-se-comparte-en-el-tianguis-turistico\/","title":{"rendered":"Tradici\u00f3n viva de Veracruz se comparte en el Tianguis Tur\u00edstico"},"content":{"rendered":"<p>Acapulco, Gro., jueves 30 de abril de 2026.- El Gobierno del Estado, a trav\u00e9s de la Secretar\u00eda de Cultura de Veracruz (SECVER), concluy\u00f3 su participaci\u00f3n en el Tianguis Tur\u00edstico, realizado en el Expo Mundo Imperial de Acapulco, con una muestra amplia de sus expresiones culturales y tradiciones.<\/p>\n<p>A lo largo de las actividades, la delegaci\u00f3n mantuvo presencia constante con una oferta que integr\u00f3 m\u00fasica, danza, gastronom\u00eda y medicina tradicional, lo que atrajo la atenci\u00f3n de visitantes y profesionales del sector tur\u00edstico.<\/p>\n<p>Como parte del cierre, el escenario principal y el \u00e1rea gastron\u00f3mica reunieron a los danzantes de Guaguas, el grupo Zenzontle, el Ballet Folkl\u00f3rico de la Universidad Veracruzana y los bailarines de salsa Fuego en la Pista. Sus presentaciones incluyeron son jarocho, salsa y danzas tradicionales, adem\u00e1s de sesiones abiertas donde el p\u00fablico particip\u00f3 en clases de baile.<\/p>\n<p>El espacio dedicado a la medicina tradicional registr\u00f3 alta afluencia durante toda la jornada;  sanadora Mari Mart\u00ednez Mixtega, de Catemaco, tuvo una concurrida afluencia para realizar limpias, corroborando as\u00ed que la sabidur\u00eda y las t\u00e9cnicas ancestrales est\u00e1n presentes y son compartidas m\u00e1s all\u00e1 de los l\u00edmites de la entidad veracruzana.<\/p>\n<p>En el \u00e1rea gastron\u00f3mica, se ofrecieron platillos representativos de distintas regiones del estado. Clara Carrera P\u00e9rez, Do\u00f1a Clarita, estuvo a cargo de la degustaci\u00f3n gastron\u00f3mica de la regi\u00f3n Capital con sus deliciosos bu\u00f1uelos, conquistando a turistas locales y extranjeros con su saz\u00f3n inigualable. <\/p>\n<p>M\u00e1s tarde, Luis Gonz\u00e1lez y Jackie N\u00fa\u00f1ez, representantes de la regi\u00f3n Totonacapan, compartieron pulacles, espolvoreadas de pipi\u00e1n y bocoles; mientras que Miriam, de la regi\u00f3n Altas Monta\u00f1as, ofreci\u00f3 tradicionales tamales de frijol.<\/p>\n<p>La SECVER reitera su compromiso para difundir la historia y tradici\u00f3n de los pueblos originarios y el orgullo de la identidad veracruzana. Sigue la cuenta de la @SECVERoficial para descubrir todas las actividades que confirman por qu\u00e9 Veracruz est\u00e1 de moda.<\/p>\n<p>&#8212;000&#8212;<br \/>\n<div id='gallery-1' class='gallery galleryid-20073 gallery-columns-3 gallery-size-thumbnail'><figure class='gallery-item'>\n\t\t\t<div class='gallery-icon landscape'>\n\t\t\t\t<a href='https:\/\/www.diarioholaveracruz.com.mx\/sitio\/tradicion-viva-de-veracruz-se-comparte-en-el-tianguis-turistico\/img-20260430-wa0109\/'><img loading=\"lazy\" loading=\"lazy\" decoding=\"async\" width=\"150\" height=\"150\" src=\"https:\/\/www.diarioholaveracruz.com.mx\/sitio\/wp-content\/uploads\/2026\/04\/IMG-20260430-WA0109-150x150.jpg\" class=\"attachment-thumbnail size-thumbnail\" alt=\"\" \/><\/a>\n\t\t\t<\/div><\/figure><figure class='gallery-item'>\n\t\t\t<div class='gallery-icon landscape'>\n\t\t\t\t<a href='https:\/\/www.diarioholaveracruz.com.mx\/sitio\/tradicion-viva-de-veracruz-se-comparte-en-el-tianguis-turistico\/img-20260430-wa0110\/'><img loading=\"lazy\" loading=\"lazy\" decoding=\"async\" width=\"150\" height=\"150\" src=\"https:\/\/www.diarioholaveracruz.com.mx\/sitio\/wp-content\/uploads\/2026\/04\/IMG-20260430-WA0110-150x150.jpg\" class=\"attachment-thumbnail size-thumbnail\" alt=\"\" \/><\/a>\n\t\t\t<\/div><\/figure><figure class='gallery-item'>\n\t\t\t<div class='gallery-icon landscape'>\n\t\t\t\t<a href='https:\/\/www.diarioholaveracruz.com.mx\/sitio\/tradicion-viva-de-veracruz-se-comparte-en-el-tianguis-turistico\/img-20260430-wa0107\/'><img loading=\"lazy\" loading=\"lazy\" decoding=\"async\" width=\"150\" height=\"150\" src=\"https:\/\/www.diarioholaveracruz.com.mx\/sitio\/wp-content\/uploads\/2026\/04\/IMG-20260430-WA0107-150x150.jpg\" class=\"attachment-thumbnail size-thumbnail\" alt=\"\" \/><\/a>\n\t\t\t<\/div><\/figure><figure class='gallery-item'>\n\t\t\t<div class='gallery-icon landscape'>\n\t\t\t\t<a href='https:\/\/www.diarioholaveracruz.com.mx\/sitio\/tradicion-viva-de-veracruz-se-comparte-en-el-tianguis-turistico\/img-20260430-wa0105\/'><img loading=\"lazy\" loading=\"lazy\" decoding=\"async\" width=\"150\" height=\"150\" src=\"https:\/\/www.diarioholaveracruz.com.mx\/sitio\/wp-content\/uploads\/2026\/04\/IMG-20260430-WA0105-150x150.jpg\" class=\"attachment-thumbnail size-thumbnail\" alt=\"\" \/><\/a>\n\t\t\t<\/div><\/figure><figure class='gallery-item'>\n\t\t\t<div class='gallery-icon landscape'>\n\t\t\t\t<a href='https:\/\/www.diarioholaveracruz.com.mx\/sitio\/tradicion-viva-de-veracruz-se-comparte-en-el-tianguis-turistico\/img-20260430-wa0103\/'><img loading=\"lazy\" loading=\"lazy\" decoding=\"async\" width=\"150\" height=\"150\" src=\"https:\/\/www.diarioholaveracruz.com.mx\/sitio\/wp-content\/uploads\/2026\/04\/IMG-20260430-WA0103-150x150.jpg\" class=\"attachment-thumbnail size-thumbnail\" alt=\"\" \/><\/a>\n\t\t\t<\/div><\/figure><figure class='gallery-item'>\n\t\t\t<div class='gallery-icon landscape'>\n\t\t\t\t<a href='https:\/\/www.diarioholaveracruz.com.mx\/sitio\/tradicion-viva-de-veracruz-se-comparte-en-el-tianguis-turistico\/img-20260430-wa0102\/'><img loading=\"lazy\" loading=\"lazy\" decoding=\"async\" width=\"150\" height=\"150\" src=\"https:\/\/www.diarioholaveracruz.com.mx\/sitio\/wp-content\/uploads\/2026\/04\/IMG-20260430-WA0102-150x150.jpg\" class=\"attachment-thumbnail size-thumbnail\" alt=\"\" \/><\/a>\n\t\t\t<\/div><\/figure><figure class='gallery-item'>\n\t\t\t<div class='gallery-icon landscape'>\n\t\t\t\t<a href='https:\/\/www.diarioholaveracruz.com.mx\/sitio\/tradicion-viva-de-veracruz-se-comparte-en-el-tianguis-turistico\/img-20260430-wa0100\/'><img loading=\"lazy\" loading=\"lazy\" decoding=\"async\" width=\"150\" height=\"150\" src=\"https:\/\/www.diarioholaveracruz.com.mx\/sitio\/wp-content\/uploads\/2026\/04\/IMG-20260430-WA0100-150x150.jpg\" class=\"attachment-thumbnail size-thumbnail\" alt=\"\" \/><\/a>\n\t\t\t<\/div><\/figure><figure class='gallery-item'>\n\t\t\t<div class='gallery-icon landscape'>\n\t\t\t\t<a href='https:\/\/www.diarioholaveracruz.com.mx\/sitio\/tradicion-viva-de-veracruz-se-comparte-en-el-tianguis-turistico\/img-20260430-wa0101-2\/'><img loading=\"lazy\" loading=\"lazy\" decoding=\"async\" width=\"150\" height=\"150\" src=\"https:\/\/www.diarioholaveracruz.com.mx\/sitio\/wp-content\/uploads\/2026\/04\/IMG-20260430-WA0101-1-150x150.jpg\" class=\"attachment-thumbnail size-thumbnail\" alt=\"\" \/><\/a>\n\t\t\t<\/div><\/figure><figure class='gallery-item'>\n\t\t\t<div class='gallery-icon portrait'>\n\t\t\t\t<a href='https:\/\/www.diarioholaveracruz.com.mx\/sitio\/tradicion-viva-de-veracruz-se-comparte-en-el-tianguis-turistico\/img-20260430-wa0099\/'><img loading=\"lazy\" loading=\"lazy\" decoding=\"async\" width=\"150\" height=\"150\" src=\"https:\/\/www.diarioholaveracruz.com.mx\/sitio\/wp-content\/uploads\/2026\/04\/IMG-20260430-WA0099-150x150.jpg\" class=\"attachment-thumbnail size-thumbnail\" alt=\"\" \/><\/a>\n\t\t\t<\/div><\/figure>\n\t\t<\/div>\n<\/p>\n","protected":false},"excerpt":{"rendered":"<p>Acapulco, Gro., jueves 30 de abril de 2026.- El Gobierno del Estado, a trav\u00e9s de la Secretar\u00eda de Cultura de Veracruz (SECVER), concluy\u00f3 su participaci\u00f3n en el Tianguis Tur\u00edstico, realizado en el Expo Mundo Imperial de Acapulco, con una muestra amplia de sus expresiones culturales y tradiciones. A lo largo de las actividades, la delegaci\u00f3n [&hellip;]<\/p>\n","protected":false},"author":2,"featured_media":20079,"comment_status":"open","ping_status":"open","sticky":false,"template":"","format":"standard","meta":{"pagelayer_contact_templates":[],"_pagelayer_content":"","footnotes":""},"categories":[50,44],"tags":[],"class_list":{"0":"post-20073","1":"post","2":"type-post","3":"status-publish","4":"format-standard","5":"has-post-thumbnail","7":"category-destacadas","8":"category-estatal"},"_links":{"self":[{"href":"https:\/\/www.diarioholaveracruz.com.mx\/sitio\/wp-json\/wp\/v2\/posts\/20073","targetHints":{"allow":["GET"]}}],"collection":[{"href":"https:\/\/www.diarioholaveracruz.com.mx\/sitio\/wp-json\/wp\/v2\/posts"}],"about":[{"href":"https:\/\/www.diarioholaveracruz.com.mx\/sitio\/wp-json\/wp\/v2\/types\/post"}],"author":[{"embeddable":true,"href":"https:\/\/www.diarioholaveracruz.com.mx\/sitio\/wp-json\/wp\/v2\/users\/2"}],"replies":[{"embeddable":true,"href":"https:\/\/www.diarioholaveracruz.com.mx\/sitio\/wp-json\/wp\/v2\/comments?post=20073"}],"version-history":[{"count":1,"href":"https:\/\/www.diarioholaveracruz.com.mx\/sitio\/wp-json\/wp\/v2\/posts\/20073\/revisions"}],"predecessor-version":[{"id":20086,"href":"https:\/\/www.diarioholaveracruz.com.mx\/sitio\/wp-json\/wp\/v2\/posts\/20073\/revisions\/20086"}],"wp:featuredmedia":[{"embeddable":true,"href":"https:\/\/www.diarioholaveracruz.com.mx\/sitio\/wp-json\/wp\/v2\/media\/20079"}],"wp:attachment":[{"href":"https:\/\/www.diarioholaveracruz.com.mx\/sitio\/wp-json\/wp\/v2\/media?parent=20073"}],"wp:term":[{"taxonomy":"category","embeddable":true,"href":"https:\/\/www.diarioholaveracruz.com.mx\/sitio\/wp-json\/wp\/v2\/categories?post=20073"},{"taxonomy":"post_tag","embeddable":true,"href":"https:\/\/www.diarioholaveracruz.com.mx\/sitio\/wp-json\/wp\/v2\/tags?post=20073"}],"curies":[{"name":"wp","href":"https:\/\/api.w.org\/{rel}","templated":true}]}}