{"id":20247,"date":"2026-05-02T19:30:09","date_gmt":"2026-05-03T01:30:09","guid":{"rendered":"https:\/\/www.diarioholaveracruz.com.mx\/sitio\/?p=20247"},"modified":"2026-05-02T19:30:09","modified_gmt":"2026-05-03T01:30:09","slug":"celebramos-en-grande-el-3er-aniversario-de-diario-hola-veracruz","status":"publish","type":"post","link":"https:\/\/www.diarioholaveracruz.com.mx\/sitio\/celebramos-en-grande-el-3er-aniversario-de-diario-hola-veracruz\/","title":{"rendered":"Celebramos en grande el 3er Aniversario de Diario Hola Veracruz"},"content":{"rendered":"<p>\u00a1Pr\u00f3ximamente! \ud83c\udf89<br \/>\nCelebramos en grande el 3er Aniversario de Diario Hola Veracruz<\/p>\n<p>Prep\u00e1rate para vivir una experiencia llena de energ\u00eda, talento y diversi\u00f3n:<br \/>\n\ud83c\udfc3\u200d\u2642\ufe0f Carrera Atl\u00e9tica<br \/>\n\ud83c\udfad Concurso de Comparsas<br \/>\n\ud83c\udfa4 Concurso de Canto Infantil<br \/>\n\ud83d\udc83 Baile Conmemorativo con Grupos Norte\u00f1os<\/p>\n<p>\u2728 \u00a1Y muchas sorpresas m\u00e1s!<\/p>\n<p>\u00a1Vamos a celebrar contigo! \ud83e\udd73<\/p>\n","protected":false},"excerpt":{"rendered":"<p>\u00a1Pr\u00f3ximamente! \ud83c\udf89 Celebramos en grande el 3er Aniversario de Diario Hola Veracruz Prep\u00e1rate para vivir una experiencia llena de energ\u00eda, talento y diversi\u00f3n: \ud83c\udfc3\u200d\u2642\ufe0f Carrera Atl\u00e9tica \ud83c\udfad Concurso de Comparsas \ud83c\udfa4 Concurso de Canto Infantil \ud83d\udc83 Baile Conmemorativo con Grupos Norte\u00f1os \u2728 \u00a1Y muchas sorpresas m\u00e1s! \u00a1Vamos a celebrar contigo! \ud83e\udd73<\/p>\n","protected":false},"author":2,"featured_media":20250,"comment_status":"open","ping_status":"open","sticky":false,"template":"","format":"standard","meta":{"pagelayer_contact_templates":[],"_pagelayer_content":"","footnotes":""},"categories":[43,45],"tags":[],"class_list":{"0":"post-20247","1":"post","2":"type-post","3":"status-publish","4":"format-standard","5":"has-post-thumbnail","7":"category-notas_locales","8":"category-poza_rica"},"_links":{"self":[{"href":"https:\/\/www.diarioholaveracruz.com.mx\/sitio\/wp-json\/wp\/v2\/posts\/20247","targetHints":{"allow":["GET"]}}],"collection":[{"href":"https:\/\/www.diarioholaveracruz.com.mx\/sitio\/wp-json\/wp\/v2\/posts"}],"about":[{"href":"https:\/\/www.diarioholaveracruz.com.mx\/sitio\/wp-json\/wp\/v2\/types\/post"}],"author":[{"embeddable":true,"href":"https:\/\/www.diarioholaveracruz.com.mx\/sitio\/wp-json\/wp\/v2\/users\/2"}],"replies":[{"embeddable":true,"href":"https:\/\/www.diarioholaveracruz.com.mx\/sitio\/wp-json\/wp\/v2\/comments?post=20247"}],"version-history":[{"count":1,"href":"https:\/\/www.diarioholaveracruz.com.mx\/sitio\/wp-json\/wp\/v2\/posts\/20247\/revisions"}],"predecessor-version":[{"id":20251,"href":"https:\/\/www.diarioholaveracruz.com.mx\/sitio\/wp-json\/wp\/v2\/posts\/20247\/revisions\/20251"}],"wp:featuredmedia":[{"embeddable":true,"href":"https:\/\/www.diarioholaveracruz.com.mx\/sitio\/wp-json\/wp\/v2\/media\/20250"}],"wp:attachment":[{"href":"https:\/\/www.diarioholaveracruz.com.mx\/sitio\/wp-json\/wp\/v2\/media?parent=20247"}],"wp:term":[{"taxonomy":"category","embeddable":true,"href":"https:\/\/www.diarioholaveracruz.com.mx\/sitio\/wp-json\/wp\/v2\/categories?post=20247"},{"taxonomy":"post_tag","embeddable":true,"href":"https:\/\/www.diarioholaveracruz.com.mx\/sitio\/wp-json\/wp\/v2\/tags?post=20247"}],"curies":[{"name":"wp","href":"https:\/\/api.w.org\/{rel}","templated":true}]}}