{"id":30162,"date":"2026-08-09T16:48:40","date_gmt":"2026-08-09T22:48:40","guid":{"rendered":"https:\/\/www.diarioholaveracruz.com.mx\/sitio\/?p=30162"},"modified":"2026-08-09T16:51:17","modified_gmt":"2026-08-09T22:51:17","slug":"alamo-refuerza-acciones-ambientales-con-jornada-de-reforestacion","status":"publish","type":"post","link":"https:\/\/www.diarioholaveracruz.com.mx\/sitio\/alamo-refuerza-acciones-ambientales-con-jornada-de-reforestacion\/","title":{"rendered":"\u00c1lamo refuerza acciones ambientales con jornada de reforestaci\u00f3n"},"content":{"rendered":"<div id=\"diari-2107291834\" class=\"diari-antes-del-contenido diari-entity-placement\" style=\"margin-left: auto;margin-right: auto;text-align: center;\"><a href=\"https:\/\/www.ssaver.gob.mx\/\" aria-label=\"BANNER_315x500-px\"><img loading=\"lazy\" decoding=\"async\" src=\"https:\/\/www.diarioholaveracruz.com.mx\/sitio\/wp-content\/uploads\/2026\/05\/BANNER_315x500-px-1-scaled.png\" alt=\"\"  srcset=\"https:\/\/www.diarioholaveracruz.com.mx\/sitio\/wp-content\/uploads\/2026\/05\/BANNER_315x500-px-1-scaled.png 2560w, https:\/\/www.diarioholaveracruz.com.mx\/sitio\/wp-content\/uploads\/2026\/05\/BANNER_315x500-px-1-300x48.png 300w, https:\/\/www.diarioholaveracruz.com.mx\/sitio\/wp-content\/uploads\/2026\/05\/BANNER_315x500-px-1-1024x163.png 1024w, https:\/\/www.diarioholaveracruz.com.mx\/sitio\/wp-content\/uploads\/2026\/05\/BANNER_315x500-px-1-768x122.png 768w, https:\/\/www.diarioholaveracruz.com.mx\/sitio\/wp-content\/uploads\/2026\/05\/BANNER_315x500-px-1-1536x244.png 1536w, https:\/\/www.diarioholaveracruz.com.mx\/sitio\/wp-content\/uploads\/2026\/05\/BANNER_315x500-px-1-2048x326.png 2048w, https:\/\/www.diarioholaveracruz.com.mx\/sitio\/wp-content\/uploads\/2026\/05\/BANNER_315x500-px-1-860x137.png 860w, https:\/\/www.diarioholaveracruz.com.mx\/sitio\/wp-content\/uploads\/2026\/05\/BANNER_315x500-px-1-760x121.png 760w\" sizes=\"(max-width: 2560px) 100vw, 2560px\" width=\"800\" height=\"107\"   \/><\/a><\/div><p>\u00c1LAMO, VER.- Con la participaci\u00f3n de habitantes de distintas comunidades, el Gobierno Municipal de \u00c1lamo Temapache puso en marcha este domingo la Jornada Nacional de Reforestaci\u00f3n 2026, como parte de las acciones encaminadas a fortalecer la protecci\u00f3n del medio ambiente y reducir riesgos ante fen\u00f3menos naturales.<\/p><div id=\"diari-3830485299\" class=\"diari-contenido diari-entity-placement\"><a href=\"https:\/\/www.veracruz.gob.mx\/seguridad\/denuncia-ciudadana-y-linea-de-emergencia\/\" aria-label=\"DENUNCIA BANNER 468 X 60\"><img loading=\"lazy\" decoding=\"async\" src=\"https:\/\/www.diarioholaveracruz.com.mx\/sitio\/wp-content\/uploads\/2026\/06\/DENUNCIA-BANNER-468-X-60.jpg\" alt=\"\"  srcset=\"https:\/\/www.diarioholaveracruz.com.mx\/sitio\/wp-content\/uploads\/2026\/06\/DENUNCIA-BANNER-468-X-60.jpg 1872w, https:\/\/www.diarioholaveracruz.com.mx\/sitio\/wp-content\/uploads\/2026\/06\/DENUNCIA-BANNER-468-X-60-300x38.jpg 300w, https:\/\/www.diarioholaveracruz.com.mx\/sitio\/wp-content\/uploads\/2026\/06\/DENUNCIA-BANNER-468-X-60-1024x131.jpg 1024w, https:\/\/www.diarioholaveracruz.com.mx\/sitio\/wp-content\/uploads\/2026\/06\/DENUNCIA-BANNER-468-X-60-768x98.jpg 768w, https:\/\/www.diarioholaveracruz.com.mx\/sitio\/wp-content\/uploads\/2026\/06\/DENUNCIA-BANNER-468-X-60-1536x197.jpg 1536w, https:\/\/www.diarioholaveracruz.com.mx\/sitio\/wp-content\/uploads\/2026\/06\/DENUNCIA-BANNER-468-X-60-860x110.jpg 860w, https:\/\/www.diarioholaveracruz.com.mx\/sitio\/wp-content\/uploads\/2026\/06\/DENUNCIA-BANNER-468-X-60-760x97.jpg 760w\" sizes=\"(max-width: 1872px) 100vw, 1872px\" width=\"1872\" height=\"240\"   \/><\/a><\/div>\n<p>El arranque de estas actividades fue encabezado por el presidente municipal, Jos\u00e9 Roberto \u201cPepe\u201d Arenas Mart\u00ednez, en la comunidad de Vegas de Soledad, donde destac\u00f3 la importancia de involucrar a la ciudadan\u00eda en la recuperaci\u00f3n y conservaci\u00f3n de \u00e1reas verdes, principalmente en zonas cercanas a r\u00edos y cuerpos de agua.<\/p>\n<p>El alcalde se\u00f1al\u00f3 que la siembra de \u00e1rboles puede contribuir a fortalecer las barreras naturales frente a los efectos de lluvias intensas e inundaciones, por lo que se contempla continuar con acciones de reforestaci\u00f3n en los m\u00e1rgenes de los r\u00edos Vinasco y Pantepec.<\/p>\n<p>Arenas Mart\u00ednez explic\u00f3 que este esfuerzo forma parte de una estrategia preventiva de largo plazo, especialmente en un municipio que ha enfrentado afectaciones derivadas de fen\u00f3menos naturales. A\u00f1adi\u00f3 que la protecci\u00f3n del entorno tambi\u00e9n puede convertirse en una oportunidad para impulsar el desarrollo tur\u00edstico de \u00c1lamo Temapache, aprovechando de manera responsable sus recursos naturales.<\/p>\n<p>En este contexto, reconoci\u00f3 las inversiones que se realizan en materia de infraestructura carretera, al considerar que mejores v\u00edas de comunicaci\u00f3n pueden favorecer tanto la movilidad de las comunidades como la llegada de visitantes y nuevas oportunidades econ\u00f3micas.<\/p>\n<p>AVANZA EL PROGRAMA \u201cADOPTA UN \u00c1RBOL\u201d<\/p>\n<p>Como parte de las acciones ambientales que impulsa el Ayuntamiento, el presidente municipal inform\u00f3 que desde el pasado 21 de julio se encuentra en marcha el programa \u201cAdopta un \u00c1rbol\u201d, mediante el cual se han distribuido 6 mil 700 plantas en diferentes localidades.<\/p>\n<p>Entre las especies entregadas se encuentran cedros, ceibas y palos de rosa, con la finalidad de ampliar las \u00e1reas arboladas y promover una mayor participaci\u00f3n ciudadana en el cuidado del medio ambiente.<\/p>\n<p>La Direcci\u00f3n de Ecolog\u00eda y Medio Ambiente continuar\u00e1 poniendo ejemplares a disposici\u00f3n de las comunidades interesadas en sumarse a la Jornada Nacional de Reforestaci\u00f3n 2026, por lo que el alcalde reiter\u00f3 el llamado a participar activamente en estas acciones.<\/p>\n<p>Pepe Arenas agreg\u00f3 que la estrategia de mejoramiento del municipio tambi\u00e9n contempla labores de mantenimiento urbano, limpieza, pintura de guarniciones y colocaci\u00f3n de reductores de velocidad en puntos estrat\u00e9gicos.<\/p>\n<p>Por otra parte, inform\u00f3 que la jornada quir\u00fargica anunciada previamente tuvo que ser suspendida por causas de fuerza mayor, aunque ya fue reprogramada para el pr\u00f3ximo fin de semana, durante viernes, s\u00e1bado y domingo, bajo la coordinaci\u00f3n de la Direcci\u00f3n de Salud Municipal.<\/p>\n<p><img loading=\"lazy\" loading=\"lazy\" decoding=\"async\" class=\"alignnone size-full wp-image-30160\" src=\"https:\/\/www.diarioholaveracruz.com.mx\/sitio\/wp-content\/uploads\/2026\/08\/WhatsApp-Image-2026-08-09-at-16.13.00.jpeg\" alt=\"\" width=\"1200\" height=\"1600\" srcset=\"https:\/\/www.diarioholaveracruz.com.mx\/sitio\/wp-content\/uploads\/2026\/08\/WhatsApp-Image-2026-08-09-at-16.13.00.jpeg 1200w, https:\/\/www.diarioholaveracruz.com.mx\/sitio\/wp-content\/uploads\/2026\/08\/WhatsApp-Image-2026-08-09-at-16.13.00-225x300.jpeg 225w, https:\/\/www.diarioholaveracruz.com.mx\/sitio\/wp-content\/uploads\/2026\/08\/WhatsApp-Image-2026-08-09-at-16.13.00-768x1024.jpeg 768w, https:\/\/www.diarioholaveracruz.com.mx\/sitio\/wp-content\/uploads\/2026\/08\/WhatsApp-Image-2026-08-09-at-16.13.00-1152x1536.jpeg 1152w, https:\/\/www.diarioholaveracruz.com.mx\/sitio\/wp-content\/uploads\/2026\/08\/WhatsApp-Image-2026-08-09-at-16.13.00-860x1147.jpeg 860w, https:\/\/www.diarioholaveracruz.com.mx\/sitio\/wp-content\/uploads\/2026\/08\/WhatsApp-Image-2026-08-09-at-16.13.00-760x1013.jpeg 760w\" sizes=\"auto, (max-width: 1200px) 100vw, 1200px\" \/> <img loading=\"lazy\" loading=\"lazy\" decoding=\"async\" class=\"alignnone size-full wp-image-30159\" src=\"https:\/\/www.diarioholaveracruz.com.mx\/sitio\/wp-content\/uploads\/2026\/08\/WhatsApp-Image-2026-08-09-at-16.13.00-1.jpeg\" alt=\"\" width=\"1600\" height=\"1200\" srcset=\"https:\/\/www.diarioholaveracruz.com.mx\/sitio\/wp-content\/uploads\/2026\/08\/WhatsApp-Image-2026-08-09-at-16.13.00-1.jpeg 1600w, https:\/\/www.diarioholaveracruz.com.mx\/sitio\/wp-content\/uploads\/2026\/08\/WhatsApp-Image-2026-08-09-at-16.13.00-1-300x225.jpeg 300w, https:\/\/www.diarioholaveracruz.com.mx\/sitio\/wp-content\/uploads\/2026\/08\/WhatsApp-Image-2026-08-09-at-16.13.00-1-1024x768.jpeg 1024w, https:\/\/www.diarioholaveracruz.com.mx\/sitio\/wp-content\/uploads\/2026\/08\/WhatsApp-Image-2026-08-09-at-16.13.00-1-768x576.jpeg 768w, https:\/\/www.diarioholaveracruz.com.mx\/sitio\/wp-content\/uploads\/2026\/08\/WhatsApp-Image-2026-08-09-at-16.13.00-1-1536x1152.jpeg 1536w, https:\/\/www.diarioholaveracruz.com.mx\/sitio\/wp-content\/uploads\/2026\/08\/WhatsApp-Image-2026-08-09-at-16.13.00-1-860x645.jpeg 860w, https:\/\/www.diarioholaveracruz.com.mx\/sitio\/wp-content\/uploads\/2026\/08\/WhatsApp-Image-2026-08-09-at-16.13.00-1-760x570.jpeg 760w\" sizes=\"auto, (max-width: 1600px) 100vw, 1600px\" \/> <img loading=\"lazy\" loading=\"lazy\" decoding=\"async\" class=\"alignnone size-full wp-image-30158\" src=\"https:\/\/www.diarioholaveracruz.com.mx\/sitio\/wp-content\/uploads\/2026\/08\/WhatsApp-Image-2026-08-09-at-16.13.00-2.jpeg\" alt=\"\" width=\"1600\" height=\"1200\" srcset=\"https:\/\/www.diarioholaveracruz.com.mx\/sitio\/wp-content\/uploads\/2026\/08\/WhatsApp-Image-2026-08-09-at-16.13.00-2.jpeg 1600w, https:\/\/www.diarioholaveracruz.com.mx\/sitio\/wp-content\/uploads\/2026\/08\/WhatsApp-Image-2026-08-09-at-16.13.00-2-300x225.jpeg 300w, https:\/\/www.diarioholaveracruz.com.mx\/sitio\/wp-content\/uploads\/2026\/08\/WhatsApp-Image-2026-08-09-at-16.13.00-2-1024x768.jpeg 1024w, https:\/\/www.diarioholaveracruz.com.mx\/sitio\/wp-content\/uploads\/2026\/08\/WhatsApp-Image-2026-08-09-at-16.13.00-2-768x576.jpeg 768w, https:\/\/www.diarioholaveracruz.com.mx\/sitio\/wp-content\/uploads\/2026\/08\/WhatsApp-Image-2026-08-09-at-16.13.00-2-1536x1152.jpeg 1536w, https:\/\/www.diarioholaveracruz.com.mx\/sitio\/wp-content\/uploads\/2026\/08\/WhatsApp-Image-2026-08-09-at-16.13.00-2-860x645.jpeg 860w, https:\/\/www.diarioholaveracruz.com.mx\/sitio\/wp-content\/uploads\/2026\/08\/WhatsApp-Image-2026-08-09-at-16.13.00-2-760x570.jpeg 760w\" sizes=\"auto, (max-width: 1600px) 100vw, 1600px\" \/> <img loading=\"lazy\" loading=\"lazy\" decoding=\"async\" class=\"alignnone size-full wp-image-30157\" src=\"https:\/\/www.diarioholaveracruz.com.mx\/sitio\/wp-content\/uploads\/2026\/08\/WhatsApp-Image-2026-08-09-at-16.13.00-3.jpeg\" alt=\"\" width=\"1600\" height=\"1200\" srcset=\"https:\/\/www.diarioholaveracruz.com.mx\/sitio\/wp-content\/uploads\/2026\/08\/WhatsApp-Image-2026-08-09-at-16.13.00-3.jpeg 1600w, https:\/\/www.diarioholaveracruz.com.mx\/sitio\/wp-content\/uploads\/2026\/08\/WhatsApp-Image-2026-08-09-at-16.13.00-3-300x225.jpeg 300w, https:\/\/www.diarioholaveracruz.com.mx\/sitio\/wp-content\/uploads\/2026\/08\/WhatsApp-Image-2026-08-09-at-16.13.00-3-1024x768.jpeg 1024w, https:\/\/www.diarioholaveracruz.com.mx\/sitio\/wp-content\/uploads\/2026\/08\/WhatsApp-Image-2026-08-09-at-16.13.00-3-768x576.jpeg 768w, https:\/\/www.diarioholaveracruz.com.mx\/sitio\/wp-content\/uploads\/2026\/08\/WhatsApp-Image-2026-08-09-at-16.13.00-3-1536x1152.jpeg 1536w, https:\/\/www.diarioholaveracruz.com.mx\/sitio\/wp-content\/uploads\/2026\/08\/WhatsApp-Image-2026-08-09-at-16.13.00-3-860x645.jpeg 860w, https:\/\/www.diarioholaveracruz.com.mx\/sitio\/wp-content\/uploads\/2026\/08\/WhatsApp-Image-2026-08-09-at-16.13.00-3-760x570.jpeg 760w\" sizes=\"auto, (max-width: 1600px) 100vw, 1600px\" \/> <img loading=\"lazy\" loading=\"lazy\" decoding=\"async\" class=\"alignnone size-full wp-image-30156\" src=\"https:\/\/www.diarioholaveracruz.com.mx\/sitio\/wp-content\/uploads\/2026\/08\/WhatsApp-Image-2026-08-09-at-16.13.00-4.jpeg\" alt=\"\" width=\"1600\" height=\"1200\" srcset=\"https:\/\/www.diarioholaveracruz.com.mx\/sitio\/wp-content\/uploads\/2026\/08\/WhatsApp-Image-2026-08-09-at-16.13.00-4.jpeg 1600w, https:\/\/www.diarioholaveracruz.com.mx\/sitio\/wp-content\/uploads\/2026\/08\/WhatsApp-Image-2026-08-09-at-16.13.00-4-300x225.jpeg 300w, https:\/\/www.diarioholaveracruz.com.mx\/sitio\/wp-content\/uploads\/2026\/08\/WhatsApp-Image-2026-08-09-at-16.13.00-4-1024x768.jpeg 1024w, https:\/\/www.diarioholaveracruz.com.mx\/sitio\/wp-content\/uploads\/2026\/08\/WhatsApp-Image-2026-08-09-at-16.13.00-4-768x576.jpeg 768w, https:\/\/www.diarioholaveracruz.com.mx\/sitio\/wp-content\/uploads\/2026\/08\/WhatsApp-Image-2026-08-09-at-16.13.00-4-1536x1152.jpeg 1536w, https:\/\/www.diarioholaveracruz.com.mx\/sitio\/wp-content\/uploads\/2026\/08\/WhatsApp-Image-2026-08-09-at-16.13.00-4-860x645.jpeg 860w, https:\/\/www.diarioholaveracruz.com.mx\/sitio\/wp-content\/uploads\/2026\/08\/WhatsApp-Image-2026-08-09-at-16.13.00-4-760x570.jpeg 760w\" sizes=\"auto, (max-width: 1600px) 100vw, 1600px\" \/> <img loading=\"lazy\" loading=\"lazy\" decoding=\"async\" class=\"alignnone size-full wp-image-30155\" src=\"https:\/\/www.diarioholaveracruz.com.mx\/sitio\/wp-content\/uploads\/2026\/08\/WhatsApp-Image-2026-08-09-at-16.13.00-5.jpeg\" alt=\"\" width=\"1600\" height=\"1200\" srcset=\"https:\/\/www.diarioholaveracruz.com.mx\/sitio\/wp-content\/uploads\/2026\/08\/WhatsApp-Image-2026-08-09-at-16.13.00-5.jpeg 1600w, https:\/\/www.diarioholaveracruz.com.mx\/sitio\/wp-content\/uploads\/2026\/08\/WhatsApp-Image-2026-08-09-at-16.13.00-5-300x225.jpeg 300w, https:\/\/www.diarioholaveracruz.com.mx\/sitio\/wp-content\/uploads\/2026\/08\/WhatsApp-Image-2026-08-09-at-16.13.00-5-1024x768.jpeg 1024w, https:\/\/www.diarioholaveracruz.com.mx\/sitio\/wp-content\/uploads\/2026\/08\/WhatsApp-Image-2026-08-09-at-16.13.00-5-768x576.jpeg 768w, https:\/\/www.diarioholaveracruz.com.mx\/sitio\/wp-content\/uploads\/2026\/08\/WhatsApp-Image-2026-08-09-at-16.13.00-5-1536x1152.jpeg 1536w, https:\/\/www.diarioholaveracruz.com.mx\/sitio\/wp-content\/uploads\/2026\/08\/WhatsApp-Image-2026-08-09-at-16.13.00-5-860x645.jpeg 860w, https:\/\/www.diarioholaveracruz.com.mx\/sitio\/wp-content\/uploads\/2026\/08\/WhatsApp-Image-2026-08-09-at-16.13.00-5-760x570.jpeg 760w\" sizes=\"auto, (max-width: 1600px) 100vw, 1600px\" \/> <img loading=\"lazy\" loading=\"lazy\" decoding=\"async\" class=\"alignnone size-full wp-image-30154\" src=\"https:\/\/www.diarioholaveracruz.com.mx\/sitio\/wp-content\/uploads\/2026\/08\/WhatsApp-Image-2026-08-09-at-16.13.00-6.jpeg\" alt=\"\" width=\"1600\" height=\"1200\" srcset=\"https:\/\/www.diarioholaveracruz.com.mx\/sitio\/wp-content\/uploads\/2026\/08\/WhatsApp-Image-2026-08-09-at-16.13.00-6.jpeg 1600w, https:\/\/www.diarioholaveracruz.com.mx\/sitio\/wp-content\/uploads\/2026\/08\/WhatsApp-Image-2026-08-09-at-16.13.00-6-300x225.jpeg 300w, https:\/\/www.diarioholaveracruz.com.mx\/sitio\/wp-content\/uploads\/2026\/08\/WhatsApp-Image-2026-08-09-at-16.13.00-6-1024x768.jpeg 1024w, https:\/\/www.diarioholaveracruz.com.mx\/sitio\/wp-content\/uploads\/2026\/08\/WhatsApp-Image-2026-08-09-at-16.13.00-6-768x576.jpeg 768w, https:\/\/www.diarioholaveracruz.com.mx\/sitio\/wp-content\/uploads\/2026\/08\/WhatsApp-Image-2026-08-09-at-16.13.00-6-1536x1152.jpeg 1536w, https:\/\/www.diarioholaveracruz.com.mx\/sitio\/wp-content\/uploads\/2026\/08\/WhatsApp-Image-2026-08-09-at-16.13.00-6-860x645.jpeg 860w, https:\/\/www.diarioholaveracruz.com.mx\/sitio\/wp-content\/uploads\/2026\/08\/WhatsApp-Image-2026-08-09-at-16.13.00-6-760x570.jpeg 760w\" sizes=\"auto, (max-width: 1600px) 100vw, 1600px\" \/><\/p>\n","protected":false},"excerpt":{"rendered":"<p>\u00c1LAMO, VER.- Con la participaci\u00f3n de habitantes de distintas comunidades, el Gobierno Municipal de \u00c1lamo Temapache puso en marcha este domingo la Jornada Nacional de Reforestaci\u00f3n 2026, como parte de las acciones encaminadas a fortalecer la protecci\u00f3n del medio ambiente y reducir riesgos ante fen\u00f3menos naturales. El arranque de estas actividades fue encabezado por el [&hellip;]<\/p>\n","protected":false},"author":1,"featured_media":30155,"comment_status":"open","ping_status":"open","sticky":false,"template":"","format":"standard","meta":{"pagelayer_contact_templates":[],"_pagelayer_content":"","footnotes":""},"categories":[48,44],"tags":[],"class_list":["post-30162","post","type-post","status-publish","format-standard","has-post-thumbnail","category-alamo","category-estatal"],"_links":{"self":[{"href":"https:\/\/www.diarioholaveracruz.com.mx\/sitio\/wp-json\/wp\/v2\/posts\/30162","targetHints":{"allow":["GET"]}}],"collection":[{"href":"https:\/\/www.diarioholaveracruz.com.mx\/sitio\/wp-json\/wp\/v2\/posts"}],"about":[{"href":"https:\/\/www.diarioholaveracruz.com.mx\/sitio\/wp-json\/wp\/v2\/types\/post"}],"author":[{"embeddable":true,"href":"https:\/\/www.diarioholaveracruz.com.mx\/sitio\/wp-json\/wp\/v2\/users\/1"}],"replies":[{"embeddable":true,"href":"https:\/\/www.diarioholaveracruz.com.mx\/sitio\/wp-json\/wp\/v2\/comments?post=30162"}],"version-history":[{"count":3,"href":"https:\/\/www.diarioholaveracruz.com.mx\/sitio\/wp-json\/wp\/v2\/posts\/30162\/revisions"}],"predecessor-version":[{"id":30174,"href":"https:\/\/www.diarioholaveracruz.com.mx\/sitio\/wp-json\/wp\/v2\/posts\/30162\/revisions\/30174"}],"wp:featuredmedia":[{"embeddable":true,"href":"https:\/\/www.diarioholaveracruz.com.mx\/sitio\/wp-json\/wp\/v2\/media\/30155"}],"wp:attachment":[{"href":"https:\/\/www.diarioholaveracruz.com.mx\/sitio\/wp-json\/wp\/v2\/media?parent=30162"}],"wp:term":[{"taxonomy":"category","embeddable":true,"href":"https:\/\/www.diarioholaveracruz.com.mx\/sitio\/wp-json\/wp\/v2\/categories?post=30162"},{"taxonomy":"post_tag","embeddable":true,"href":"https:\/\/www.diarioholaveracruz.com.mx\/sitio\/wp-json\/wp\/v2\/tags?post=30162"}],"curies":[{"name":"wp","href":"https:\/\/api.w.org\/{rel}","templated":true}]}}