{"id":30911,"date":"2026-08-23T08:59:11","date_gmt":"2026-08-23T14:59:11","guid":{"rendered":"https:\/\/www.diarioholaveracruz.com.mx\/sitio\/?p=30911"},"modified":"2026-08-24T09:39:08","modified_gmt":"2026-08-24T15:39:08","slug":"de-el-manati-al-son-veracruz-presenta-su-patrimonio-en-la-37-a-filah","status":"publish","type":"post","link":"https:\/\/www.diarioholaveracruz.com.mx\/sitio\/de-el-manati-al-son-veracruz-presenta-su-patrimonio-en-la-37-a-filah\/","title":{"rendered":"De El Manat\u00ed al son: Veracruz presenta su patrimonio en la 37.\u00aa FILAH"},"content":{"rendered":"<div id=\"diari-2664967593\" class=\"diari-antes-del-contenido diari-entity-placement\" style=\"margin-left: auto;margin-right: auto;text-align: center;\"><a href=\"https:\/\/www.ssaver.gob.mx\/\" aria-label=\"BANNER_315x500-px\"><img loading=\"lazy\" decoding=\"async\" src=\"https:\/\/www.diarioholaveracruz.com.mx\/sitio\/wp-content\/uploads\/2026\/05\/BANNER_315x500-px-1-scaled.png\" alt=\"\"  srcset=\"https:\/\/www.diarioholaveracruz.com.mx\/sitio\/wp-content\/uploads\/2026\/05\/BANNER_315x500-px-1-scaled.png 2560w, https:\/\/www.diarioholaveracruz.com.mx\/sitio\/wp-content\/uploads\/2026\/05\/BANNER_315x500-px-1-300x48.png 300w, https:\/\/www.diarioholaveracruz.com.mx\/sitio\/wp-content\/uploads\/2026\/05\/BANNER_315x500-px-1-1024x163.png 1024w, https:\/\/www.diarioholaveracruz.com.mx\/sitio\/wp-content\/uploads\/2026\/05\/BANNER_315x500-px-1-768x122.png 768w, https:\/\/www.diarioholaveracruz.com.mx\/sitio\/wp-content\/uploads\/2026\/05\/BANNER_315x500-px-1-1536x244.png 1536w, https:\/\/www.diarioholaveracruz.com.mx\/sitio\/wp-content\/uploads\/2026\/05\/BANNER_315x500-px-1-2048x326.png 2048w, https:\/\/www.diarioholaveracruz.com.mx\/sitio\/wp-content\/uploads\/2026\/05\/BANNER_315x500-px-1-860x137.png 860w, https:\/\/www.diarioholaveracruz.com.mx\/sitio\/wp-content\/uploads\/2026\/05\/BANNER_315x500-px-1-760x121.png 760w\" sizes=\"(max-width: 2560px) 100vw, 2560px\" width=\"800\" height=\"107\"   \/><\/a><\/div><p class=\"s7\"><span class=\"s5\">Ciudad de M\u00e9xico, domingo 23<\/span><a name=\"_GoBack\"><\/a><span class=\"s5\"> de agosto de 2026.-<\/span> <span class=\"s4\">La Secretar\u00eda de Cultura de Veracruz (SECVER) continu\u00f3 este s\u00e1bado con su programaci\u00f3n en la 37.\u00aa Feria Internacional del Libro de Antropolog\u00eda e Historia (FILAH).<\/span><\/p><div id=\"diari-3318249666\" class=\"diari-contenido diari-entity-placement\"><a href=\"https:\/\/www.veracruz.gob.mx\/seguridad\/denuncia-ciudadana-y-linea-de-emergencia\/\" aria-label=\"DENUNCIA BANNER 468 X 60\"><img loading=\"lazy\" decoding=\"async\" src=\"https:\/\/www.diarioholaveracruz.com.mx\/sitio\/wp-content\/uploads\/2026\/06\/DENUNCIA-BANNER-468-X-60.jpg\" alt=\"\"  srcset=\"https:\/\/www.diarioholaveracruz.com.mx\/sitio\/wp-content\/uploads\/2026\/06\/DENUNCIA-BANNER-468-X-60.jpg 1872w, https:\/\/www.diarioholaveracruz.com.mx\/sitio\/wp-content\/uploads\/2026\/06\/DENUNCIA-BANNER-468-X-60-300x38.jpg 300w, https:\/\/www.diarioholaveracruz.com.mx\/sitio\/wp-content\/uploads\/2026\/06\/DENUNCIA-BANNER-468-X-60-1024x131.jpg 1024w, https:\/\/www.diarioholaveracruz.com.mx\/sitio\/wp-content\/uploads\/2026\/06\/DENUNCIA-BANNER-468-X-60-768x98.jpg 768w, https:\/\/www.diarioholaveracruz.com.mx\/sitio\/wp-content\/uploads\/2026\/06\/DENUNCIA-BANNER-468-X-60-1536x197.jpg 1536w, https:\/\/www.diarioholaveracruz.com.mx\/sitio\/wp-content\/uploads\/2026\/06\/DENUNCIA-BANNER-468-X-60-860x110.jpg 860w, https:\/\/www.diarioholaveracruz.com.mx\/sitio\/wp-content\/uploads\/2026\/06\/DENUNCIA-BANNER-468-X-60-760x97.jpg 760w\" sizes=\"(max-width: 1872px) 100vw, 1872px\" width=\"1872\" height=\"240\"   \/><\/a><\/div>\n<p class=\"s7\"><span class=\"s4\">La jornada comenz\u00f3 con la conferencia El proyecto arqueol\u00f3gico de El Manat\u00ed, pelotas milenarias y su contexto, a cargo de Mar\u00eda del Carmen Rodr\u00edguez Mart\u00ednez, del Centro INAH Veracruz, y Ponciano Ortiz Ceballos, del Instituto de Antropolog\u00eda de la UV<\/span><span class=\"s4\">, quienes <\/span><span class=\"s4\">abor<\/span><span class=\"s4\">daron los<\/span><span class=\"s4\"> hallazgos que dan cuenta de la importancia de este sitio para el estudio de las primeras sociedades que habitaron Veracruz.<\/span><\/p>\n<p class=\"s7\"><span class=\"s4\">Asimismo, Daniel Nahmad Molinari present\u00f3 La construcci\u00f3n totonaca vista a partir del estudio etnogr\u00e1fico de la cer\u00e1mica, con la moderaci\u00f3n de Bernardo Y\u00e1\u00f1ez Mac\u00edas Valadez<\/span><span class=\"s4\">, quien analiz\u00f3 <\/span><span class=\"s4\">la relaci\u00f3n entre esta expresi\u00f3n material, los conocimientos, las pr\u00e1cticas y la identidad del pueblo totonaco.<\/span><\/p>\n<p class=\"s7\"><span class=\"s4\">La programaci\u00f3n incluy\u00f3 actividades para las infancias y la creaci\u00f3n art\u00edstica. En el Foro Multifuncional tuvo lugar la funci\u00f3n de t\u00edteres Alain, el ni\u00f1o de madera, a cargo de Cuitl\u00e1huac Pascual, de Producciones Hombre Gacela.<\/span><\/p>\n<p class=\"s7\"><span class=\"s4\">En la Carpa de Talleres 2, Josu\u00e9 Samuel Hern\u00e1ndez Luna imparti\u00f3 <\/span><span class=\"s4\">Verabrijes<\/span><span class=\"s4\">\u2013<\/span><span class=\"s4\">Cartoner\u00eda. Mar\u00eda Fernanda Soriano Gonz\u00e1lez present\u00f3 Enanos y su Son. Zapateado para la ni\u00f1ez<\/span> <span class=\"s4\">acerc<\/span><span class=\"s4\">aron<\/span><span class=\"s4\"> a las nuevas generaciones a la m\u00fasica y las expresiones tradicionales<\/span><span class=\"s4\">.<\/span><\/p>\n<p class=\"s7\"><span class=\"s4\">La investigaci\u00f3n y conservaci\u00f3n del patrimonio tambi\u00e9n ocuparon un espacio importante. Las conferencias La investigaci\u00f3n para la conservaci\u00f3n de las piezas de hule arqueol\u00f3gico de El Manat\u00ed y Juego de pelota en El Taj\u00edn: salvar sus relieves no es tarea f\u00e1cil abordaron el estudio, la conservaci\u00f3n y la protecci\u00f3n de bienes arqueol\u00f3gicos de Veracruz.<\/span><\/p>\n<p class=\"s7\"><span class=\"s4\">Adem\u00e1s del<\/span><span class=\"s4\"> conversatorio El Juego de pelota en Veracruz, dedicado al valor hist\u00f3rico y cultural de esta pr\u00e1ctica ancestral. Por otra parte, Repensar la Etnograf\u00eda en Veracruz abri\u00f3 un di\u00e1logo sobre las formas de estudiar y comprender las expresiones culturales de las comunidades veracruzanas.<\/span><\/p>\n<p class=\"s7\"><span class=\"s4\">Uno de los momentos destacados fue el homenaje Ponciano Ortiz Ceballos, 50 a\u00f1os de legado a la arqueolog\u00eda veracruzana. Especialistas y colegas reconocieron <\/span><span class=\"s4\">su<\/span><span class=\"s4\"> trayectoria <\/span><span class=\"s4\">y<\/span><span class=\"s4\"> aportaciones al conocimiento de la arqueolog\u00eda y el patrimonio de la entidad.<\/span><\/p>\n<p class=\"s7\"><span class=\"s4\">La m\u00fasica tambi\u00e9n tuvo presencia con Voz en Punto<\/span><span class=\"s4\">\u2013<\/span><span class=\"s4\">Arte a Capella, bajo la direcci\u00f3n de Jos\u00e9 Galv\u00e1n Casta\u00f1eda, y la Orquesta de Salsa de la Universidad Veracruzana<\/span><span class=\"s4\">; a<\/span><span class=\"s4\">mbas propuestas llevaron al escenario distintas expresiones de la tradici\u00f3n musical veracruzana.<\/span><\/p>\n<p class=\"s7\"><span class=\"s4\">Las actividades de la delegaci\u00f3n veracruzana continuar\u00e1n hasta ma\u00f1ana, domingo 23 de agosto, en el Museo Nacional de Antropolog\u00eda de la Ciudad de M\u00e9xico. La SECVER invita <\/span><span class=\"s4\">a consultar el programa y seguir las redes sociales de @SECVERoficial para conocer las propuestas que confirman por qu\u00e9 Veracruz est\u00e1 de moda.<\/span><\/p>\n<p><img loading=\"lazy\" loading=\"lazy\" decoding=\"async\" class=\"alignnone size-full wp-image-30908\" src=\"https:\/\/www.diarioholaveracruz.com.mx\/sitio\/wp-content\/uploads\/2026\/08\/WhatsApp-Image-2026-08-23-at-15.33.23-1.jpeg\" alt=\"\" width=\"1600\" height=\"658\" srcset=\"https:\/\/www.diarioholaveracruz.com.mx\/sitio\/wp-content\/uploads\/2026\/08\/WhatsApp-Image-2026-08-23-at-15.33.23-1.jpeg 1600w, https:\/\/www.diarioholaveracruz.com.mx\/sitio\/wp-content\/uploads\/2026\/08\/WhatsApp-Image-2026-08-23-at-15.33.23-1-300x123.jpeg 300w, https:\/\/www.diarioholaveracruz.com.mx\/sitio\/wp-content\/uploads\/2026\/08\/WhatsApp-Image-2026-08-23-at-15.33.23-1-1024x421.jpeg 1024w, https:\/\/www.diarioholaveracruz.com.mx\/sitio\/wp-content\/uploads\/2026\/08\/WhatsApp-Image-2026-08-23-at-15.33.23-1-768x316.jpeg 768w, https:\/\/www.diarioholaveracruz.com.mx\/sitio\/wp-content\/uploads\/2026\/08\/WhatsApp-Image-2026-08-23-at-15.33.23-1-1536x632.jpeg 1536w, https:\/\/www.diarioholaveracruz.com.mx\/sitio\/wp-content\/uploads\/2026\/08\/WhatsApp-Image-2026-08-23-at-15.33.23-1-860x354.jpeg 860w, https:\/\/www.diarioholaveracruz.com.mx\/sitio\/wp-content\/uploads\/2026\/08\/WhatsApp-Image-2026-08-23-at-15.33.23-1-760x313.jpeg 760w\" sizes=\"auto, (max-width: 1600px) 100vw, 1600px\" \/><\/p>\n","protected":false},"excerpt":{"rendered":"<p>Ciudad de M\u00e9xico, domingo 23 de agosto de 2026.- La Secretar\u00eda de Cultura de Veracruz (SECVER) continu\u00f3 este s\u00e1bado con su programaci\u00f3n en la 37.\u00aa Feria Internacional del Libro de Antropolog\u00eda e Historia (FILAH). La jornada comenz\u00f3 con la conferencia El proyecto arqueol\u00f3gico de El Manat\u00ed, pelotas milenarias y su contexto, a cargo de Mar\u00eda [&hellip;]<\/p>\n","protected":false},"author":1,"featured_media":30909,"comment_status":"open","ping_status":"open","sticky":false,"template":"","format":"standard","meta":{"pagelayer_contact_templates":[],"_pagelayer_content":"","footnotes":""},"categories":[118,120],"tags":[],"class_list":["post-30911","post","type-post","status-publish","format-standard","has-post-thumbnail","category-comunicados","category-nacionales"],"_links":{"self":[{"href":"https:\/\/www.diarioholaveracruz.com.mx\/sitio\/wp-json\/wp\/v2\/posts\/30911","targetHints":{"allow":["GET"]}}],"collection":[{"href":"https:\/\/www.diarioholaveracruz.com.mx\/sitio\/wp-json\/wp\/v2\/posts"}],"about":[{"href":"https:\/\/www.diarioholaveracruz.com.mx\/sitio\/wp-json\/wp\/v2\/types\/post"}],"author":[{"embeddable":true,"href":"https:\/\/www.diarioholaveracruz.com.mx\/sitio\/wp-json\/wp\/v2\/users\/1"}],"replies":[{"embeddable":true,"href":"https:\/\/www.diarioholaveracruz.com.mx\/sitio\/wp-json\/wp\/v2\/comments?post=30911"}],"version-history":[{"count":1,"href":"https:\/\/www.diarioholaveracruz.com.mx\/sitio\/wp-json\/wp\/v2\/posts\/30911\/revisions"}],"predecessor-version":[{"id":30913,"href":"https:\/\/www.diarioholaveracruz.com.mx\/sitio\/wp-json\/wp\/v2\/posts\/30911\/revisions\/30913"}],"wp:featuredmedia":[{"embeddable":true,"href":"https:\/\/www.diarioholaveracruz.com.mx\/sitio\/wp-json\/wp\/v2\/media\/30909"}],"wp:attachment":[{"href":"https:\/\/www.diarioholaveracruz.com.mx\/sitio\/wp-json\/wp\/v2\/media?parent=30911"}],"wp:term":[{"taxonomy":"category","embeddable":true,"href":"https:\/\/www.diarioholaveracruz.com.mx\/sitio\/wp-json\/wp\/v2\/categories?post=30911"},{"taxonomy":"post_tag","embeddable":true,"href":"https:\/\/www.diarioholaveracruz.com.mx\/sitio\/wp-json\/wp\/v2\/tags?post=30911"}],"curies":[{"name":"wp","href":"https:\/\/api.w.org\/{rel}","templated":true}]}}