{"id":31489,"date":"2026-08-30T17:50:30","date_gmt":"2026-08-30T23:50:30","guid":{"rendered":"https:\/\/www.diarioholaveracruz.com.mx\/sitio\/?p=31489"},"modified":"2026-08-30T17:51:18","modified_gmt":"2026-08-30T23:51:18","slug":"martha-zarate-fortalece-apoyo-a-la-poblacion-con-entrega-de-laminas","status":"publish","type":"post","link":"https:\/\/www.diarioholaveracruz.com.mx\/sitio\/martha-zarate-fortalece-apoyo-a-la-poblacion-con-entrega-de-laminas\/","title":{"rendered":"Martha Z\u00e1rate fortalece apoyo a la poblaci\u00f3n con entrega de l\u00e1minas"},"content":{"rendered":"<div id=\"diari-2622744520\" class=\"diari-antes-del-contenido diari-entity-placement\" style=\"margin-left: auto;margin-right: auto;text-align: center;\"><a href=\"https:\/\/www.ssaver.gob.mx\/\" aria-label=\"BANNER_315x500-px\"><img loading=\"lazy\" decoding=\"async\" src=\"https:\/\/www.diarioholaveracruz.com.mx\/sitio\/wp-content\/uploads\/2026\/05\/BANNER_315x500-px-1-scaled.png\" alt=\"\"  srcset=\"https:\/\/www.diarioholaveracruz.com.mx\/sitio\/wp-content\/uploads\/2026\/05\/BANNER_315x500-px-1-scaled.png 2560w, https:\/\/www.diarioholaveracruz.com.mx\/sitio\/wp-content\/uploads\/2026\/05\/BANNER_315x500-px-1-300x48.png 300w, https:\/\/www.diarioholaveracruz.com.mx\/sitio\/wp-content\/uploads\/2026\/05\/BANNER_315x500-px-1-1024x163.png 1024w, https:\/\/www.diarioholaveracruz.com.mx\/sitio\/wp-content\/uploads\/2026\/05\/BANNER_315x500-px-1-768x122.png 768w, https:\/\/www.diarioholaveracruz.com.mx\/sitio\/wp-content\/uploads\/2026\/05\/BANNER_315x500-px-1-1536x244.png 1536w, https:\/\/www.diarioholaveracruz.com.mx\/sitio\/wp-content\/uploads\/2026\/05\/BANNER_315x500-px-1-2048x326.png 2048w, https:\/\/www.diarioholaveracruz.com.mx\/sitio\/wp-content\/uploads\/2026\/05\/BANNER_315x500-px-1-860x137.png 860w, https:\/\/www.diarioholaveracruz.com.mx\/sitio\/wp-content\/uploads\/2026\/05\/BANNER_315x500-px-1-760x121.png 760w\" sizes=\"(max-width: 2560px) 100vw, 2560px\" width=\"800\" height=\"107\"   \/><\/a><\/div><p>Con el objetivo de contribuir al mejoramiento de los espacios comunitarios, la s\u00edndica de Tuxpan, Martha Z\u00e1rate Vicencio, realiz\u00f3 una visita a la comunidad de La Camelia, donde llev\u00f3 a cabo la entrega de l\u00e1minas destinadas a la construcci\u00f3n de un parador comunitario.<\/p><div id=\"diari-516657463\" class=\"diari-contenido diari-entity-placement\"><a href=\"https:\/\/www.veracruz.gob.mx\/seguridad\/denuncia-ciudadana-y-linea-de-emergencia\/\" aria-label=\"DENUNCIA BANNER 468 X 60\"><img loading=\"lazy\" decoding=\"async\" src=\"https:\/\/www.diarioholaveracruz.com.mx\/sitio\/wp-content\/uploads\/2026\/06\/DENUNCIA-BANNER-468-X-60.jpg\" alt=\"\"  srcset=\"https:\/\/www.diarioholaveracruz.com.mx\/sitio\/wp-content\/uploads\/2026\/06\/DENUNCIA-BANNER-468-X-60.jpg 1872w, https:\/\/www.diarioholaveracruz.com.mx\/sitio\/wp-content\/uploads\/2026\/06\/DENUNCIA-BANNER-468-X-60-300x38.jpg 300w, https:\/\/www.diarioholaveracruz.com.mx\/sitio\/wp-content\/uploads\/2026\/06\/DENUNCIA-BANNER-468-X-60-1024x131.jpg 1024w, https:\/\/www.diarioholaveracruz.com.mx\/sitio\/wp-content\/uploads\/2026\/06\/DENUNCIA-BANNER-468-X-60-768x98.jpg 768w, https:\/\/www.diarioholaveracruz.com.mx\/sitio\/wp-content\/uploads\/2026\/06\/DENUNCIA-BANNER-468-X-60-1536x197.jpg 1536w, https:\/\/www.diarioholaveracruz.com.mx\/sitio\/wp-content\/uploads\/2026\/06\/DENUNCIA-BANNER-468-X-60-860x110.jpg 860w, https:\/\/www.diarioholaveracruz.com.mx\/sitio\/wp-content\/uploads\/2026\/06\/DENUNCIA-BANNER-468-X-60-760x97.jpg 760w\" sizes=\"(max-width: 1872px) 100vw, 1872px\" width=\"1872\" height=\"240\"   \/><\/a><\/div>\n<p>La funcionaria destac\u00f3 que esta acci\u00f3n representa un paso m\u00e1s dentro del compromiso de trabajar de manera cercana con las comunidades y atender necesidades que contribuyan a mejorar las condiciones de sus habitantes.<\/p>\n<p>Z\u00e1rate Vicencio se\u00f1al\u00f3 que continuar\u00e1 manteniendo un contacto directo con la ciudadan\u00eda para impulsar acciones que generen beneficios y contribuyan al desarrollo local.<\/p>\n<p>\u201cSeguir\u00e9 trabajando de cerca con la ciudadan\u00eda para generar acciones que impacten positivamente en el desarrollo local, juntos por un Tuxpan mejor\u201d, expres\u00f3.<\/p>\n<p>Finalmente, la s\u00edndica refrend\u00f3 su compromiso de continuar sumando esfuerzos en favor de las comunidades tuxpe\u00f1as, bajo el lema \u201cHagamos las cosas con CERTEZA\u201d.<\/p>\n<p><img loading=\"lazy\" loading=\"lazy\" decoding=\"async\" class=\"alignnone size-full wp-image-31499\" src=\"https:\/\/www.diarioholaveracruz.com.mx\/sitio\/wp-content\/uploads\/2026\/08\/WhatsApp-Image-2026-08-30-at-15.20.53.jpeg\" alt=\"\" width=\"1280\" height=\"960\" srcset=\"https:\/\/www.diarioholaveracruz.com.mx\/sitio\/wp-content\/uploads\/2026\/08\/WhatsApp-Image-2026-08-30-at-15.20.53.jpeg 1280w, https:\/\/www.diarioholaveracruz.com.mx\/sitio\/wp-content\/uploads\/2026\/08\/WhatsApp-Image-2026-08-30-at-15.20.53-300x225.jpeg 300w, https:\/\/www.diarioholaveracruz.com.mx\/sitio\/wp-content\/uploads\/2026\/08\/WhatsApp-Image-2026-08-30-at-15.20.53-1024x768.jpeg 1024w, https:\/\/www.diarioholaveracruz.com.mx\/sitio\/wp-content\/uploads\/2026\/08\/WhatsApp-Image-2026-08-30-at-15.20.53-768x576.jpeg 768w, https:\/\/www.diarioholaveracruz.com.mx\/sitio\/wp-content\/uploads\/2026\/08\/WhatsApp-Image-2026-08-30-at-15.20.53-860x645.jpeg 860w, https:\/\/www.diarioholaveracruz.com.mx\/sitio\/wp-content\/uploads\/2026\/08\/WhatsApp-Image-2026-08-30-at-15.20.53-760x570.jpeg 760w\" sizes=\"auto, (max-width: 1280px) 100vw, 1280px\" \/> <img loading=\"lazy\" loading=\"lazy\" decoding=\"async\" class=\"alignnone size-full wp-image-31500\" src=\"https:\/\/www.diarioholaveracruz.com.mx\/sitio\/wp-content\/uploads\/2026\/08\/WhatsApp-Image-2026-08-30-at-15.20.52-2.jpeg\" alt=\"\" width=\"1600\" height=\"1200\" srcset=\"https:\/\/www.diarioholaveracruz.com.mx\/sitio\/wp-content\/uploads\/2026\/08\/WhatsApp-Image-2026-08-30-at-15.20.52-2.jpeg 1600w, https:\/\/www.diarioholaveracruz.com.mx\/sitio\/wp-content\/uploads\/2026\/08\/WhatsApp-Image-2026-08-30-at-15.20.52-2-300x225.jpeg 300w, https:\/\/www.diarioholaveracruz.com.mx\/sitio\/wp-content\/uploads\/2026\/08\/WhatsApp-Image-2026-08-30-at-15.20.52-2-1024x768.jpeg 1024w, https:\/\/www.diarioholaveracruz.com.mx\/sitio\/wp-content\/uploads\/2026\/08\/WhatsApp-Image-2026-08-30-at-15.20.52-2-768x576.jpeg 768w, https:\/\/www.diarioholaveracruz.com.mx\/sitio\/wp-content\/uploads\/2026\/08\/WhatsApp-Image-2026-08-30-at-15.20.52-2-1536x1152.jpeg 1536w, https:\/\/www.diarioholaveracruz.com.mx\/sitio\/wp-content\/uploads\/2026\/08\/WhatsApp-Image-2026-08-30-at-15.20.52-2-860x645.jpeg 860w, https:\/\/www.diarioholaveracruz.com.mx\/sitio\/wp-content\/uploads\/2026\/08\/WhatsApp-Image-2026-08-30-at-15.20.52-2-760x570.jpeg 760w\" sizes=\"auto, (max-width: 1600px) 100vw, 1600px\" \/> <img loading=\"lazy\" loading=\"lazy\" decoding=\"async\" class=\"alignnone size-full wp-image-31501\" src=\"https:\/\/www.diarioholaveracruz.com.mx\/sitio\/wp-content\/uploads\/2026\/08\/WhatsApp-Image-2026-08-30-at-15.20.52-1.jpeg\" alt=\"\" width=\"1280\" height=\"960\" srcset=\"https:\/\/www.diarioholaveracruz.com.mx\/sitio\/wp-content\/uploads\/2026\/08\/WhatsApp-Image-2026-08-30-at-15.20.52-1.jpeg 1280w, https:\/\/www.diarioholaveracruz.com.mx\/sitio\/wp-content\/uploads\/2026\/08\/WhatsApp-Image-2026-08-30-at-15.20.52-1-300x225.jpeg 300w, https:\/\/www.diarioholaveracruz.com.mx\/sitio\/wp-content\/uploads\/2026\/08\/WhatsApp-Image-2026-08-30-at-15.20.52-1-1024x768.jpeg 1024w, https:\/\/www.diarioholaveracruz.com.mx\/sitio\/wp-content\/uploads\/2026\/08\/WhatsApp-Image-2026-08-30-at-15.20.52-1-768x576.jpeg 768w, https:\/\/www.diarioholaveracruz.com.mx\/sitio\/wp-content\/uploads\/2026\/08\/WhatsApp-Image-2026-08-30-at-15.20.52-1-860x645.jpeg 860w, https:\/\/www.diarioholaveracruz.com.mx\/sitio\/wp-content\/uploads\/2026\/08\/WhatsApp-Image-2026-08-30-at-15.20.52-1-760x570.jpeg 760w\" sizes=\"auto, (max-width: 1280px) 100vw, 1280px\" \/><\/p>\n","protected":false},"excerpt":{"rendered":"<p>Con el objetivo de contribuir al mejoramiento de los espacios comunitarios, la s\u00edndica de Tuxpan, Martha Z\u00e1rate Vicencio, realiz\u00f3 una visita a la comunidad de La Camelia, donde llev\u00f3 a cabo la entrega de l\u00e1minas destinadas a la construcci\u00f3n de un parador comunitario. La funcionaria destac\u00f3 que esta acci\u00f3n representa un paso m\u00e1s dentro del [&hellip;]<\/p>\n","protected":false},"author":1,"featured_media":31499,"comment_status":"open","ping_status":"open","sticky":false,"template":"","format":"standard","meta":{"pagelayer_contact_templates":[],"_pagelayer_content":"","footnotes":""},"categories":[46],"tags":[],"class_list":["post-31489","post","type-post","status-publish","format-standard","has-post-thumbnail","category-tuxpan"],"_links":{"self":[{"href":"https:\/\/www.diarioholaveracruz.com.mx\/sitio\/wp-json\/wp\/v2\/posts\/31489","targetHints":{"allow":["GET"]}}],"collection":[{"href":"https:\/\/www.diarioholaveracruz.com.mx\/sitio\/wp-json\/wp\/v2\/posts"}],"about":[{"href":"https:\/\/www.diarioholaveracruz.com.mx\/sitio\/wp-json\/wp\/v2\/types\/post"}],"author":[{"embeddable":true,"href":"https:\/\/www.diarioholaveracruz.com.mx\/sitio\/wp-json\/wp\/v2\/users\/1"}],"replies":[{"embeddable":true,"href":"https:\/\/www.diarioholaveracruz.com.mx\/sitio\/wp-json\/wp\/v2\/comments?post=31489"}],"version-history":[{"count":1,"href":"https:\/\/www.diarioholaveracruz.com.mx\/sitio\/wp-json\/wp\/v2\/posts\/31489\/revisions"}],"predecessor-version":[{"id":31502,"href":"https:\/\/www.diarioholaveracruz.com.mx\/sitio\/wp-json\/wp\/v2\/posts\/31489\/revisions\/31502"}],"wp:featuredmedia":[{"embeddable":true,"href":"https:\/\/www.diarioholaveracruz.com.mx\/sitio\/wp-json\/wp\/v2\/media\/31499"}],"wp:attachment":[{"href":"https:\/\/www.diarioholaveracruz.com.mx\/sitio\/wp-json\/wp\/v2\/media?parent=31489"}],"wp:term":[{"taxonomy":"category","embeddable":true,"href":"https:\/\/www.diarioholaveracruz.com.mx\/sitio\/wp-json\/wp\/v2\/categories?post=31489"},{"taxonomy":"post_tag","embeddable":true,"href":"https:\/\/www.diarioholaveracruz.com.mx\/sitio\/wp-json\/wp\/v2\/tags?post=31489"}],"curies":[{"name":"wp","href":"https:\/\/api.w.org\/{rel}","templated":true}]}}