{"id":31508,"date":"2026-08-30T19:53:07","date_gmt":"2026-08-31T01:53:07","guid":{"rendered":"https:\/\/www.diarioholaveracruz.com.mx\/sitio\/?p=31508"},"modified":"2026-08-30T19:53:07","modified_gmt":"2026-08-31T01:53:07","slug":"casi-2-millones-de-estudiantes-regresan-a-clases-en-veracruz","status":"publish","type":"post","link":"https:\/\/www.diarioholaveracruz.com.mx\/sitio\/casi-2-millones-de-estudiantes-regresan-a-clases-en-veracruz\/","title":{"rendered":"Casi 2 millones de estudiantes regresan a clases en Veracruz"},"content":{"rendered":"<div id=\"diari-3737541421\" class=\"diari-antes-del-contenido diari-entity-placement\" style=\"margin-left: auto;margin-right: auto;text-align: center;\"><a href=\"https:\/\/www.ssaver.gob.mx\/\" aria-label=\"BANNER_315x500-px\"><img loading=\"lazy\" decoding=\"async\" src=\"https:\/\/www.diarioholaveracruz.com.mx\/sitio\/wp-content\/uploads\/2026\/05\/BANNER_315x500-px-1-scaled.png\" alt=\"\"  srcset=\"https:\/\/www.diarioholaveracruz.com.mx\/sitio\/wp-content\/uploads\/2026\/05\/BANNER_315x500-px-1-scaled.png 2560w, https:\/\/www.diarioholaveracruz.com.mx\/sitio\/wp-content\/uploads\/2026\/05\/BANNER_315x500-px-1-300x48.png 300w, https:\/\/www.diarioholaveracruz.com.mx\/sitio\/wp-content\/uploads\/2026\/05\/BANNER_315x500-px-1-1024x163.png 1024w, https:\/\/www.diarioholaveracruz.com.mx\/sitio\/wp-content\/uploads\/2026\/05\/BANNER_315x500-px-1-768x122.png 768w, https:\/\/www.diarioholaveracruz.com.mx\/sitio\/wp-content\/uploads\/2026\/05\/BANNER_315x500-px-1-1536x244.png 1536w, https:\/\/www.diarioholaveracruz.com.mx\/sitio\/wp-content\/uploads\/2026\/05\/BANNER_315x500-px-1-2048x326.png 2048w, https:\/\/www.diarioholaveracruz.com.mx\/sitio\/wp-content\/uploads\/2026\/05\/BANNER_315x500-px-1-860x137.png 860w, https:\/\/www.diarioholaveracruz.com.mx\/sitio\/wp-content\/uploads\/2026\/05\/BANNER_315x500-px-1-760x121.png 760w\" sizes=\"(max-width: 2560px) 100vw, 2560px\" width=\"800\" height=\"107\"   \/><\/a><\/div><p>XALAPA, VER., 30 DE AGOSTO DE 2026.- Este lunes 31 de agosto, alrededor de 2 millones de estudiantes de educaci\u00f3n b\u00e1sica, media superior y superior regresar\u00e1n a las aulas en los 212 municipios de Veracruz, para iniciar el ciclo escolar 2026-2027.<\/p><div id=\"diari-2305067250\" class=\"diari-contenido diari-entity-placement\"><a href=\"https:\/\/www.veracruz.gob.mx\/seguridad\/denuncia-ciudadana-y-linea-de-emergencia\/\" aria-label=\"DENUNCIA BANNER 468 X 60\"><img loading=\"lazy\" decoding=\"async\" src=\"https:\/\/www.diarioholaveracruz.com.mx\/sitio\/wp-content\/uploads\/2026\/06\/DENUNCIA-BANNER-468-X-60.jpg\" alt=\"\"  srcset=\"https:\/\/www.diarioholaveracruz.com.mx\/sitio\/wp-content\/uploads\/2026\/06\/DENUNCIA-BANNER-468-X-60.jpg 1872w, https:\/\/www.diarioholaveracruz.com.mx\/sitio\/wp-content\/uploads\/2026\/06\/DENUNCIA-BANNER-468-X-60-300x38.jpg 300w, https:\/\/www.diarioholaveracruz.com.mx\/sitio\/wp-content\/uploads\/2026\/06\/DENUNCIA-BANNER-468-X-60-1024x131.jpg 1024w, https:\/\/www.diarioholaveracruz.com.mx\/sitio\/wp-content\/uploads\/2026\/06\/DENUNCIA-BANNER-468-X-60-768x98.jpg 768w, https:\/\/www.diarioholaveracruz.com.mx\/sitio\/wp-content\/uploads\/2026\/06\/DENUNCIA-BANNER-468-X-60-1536x197.jpg 1536w, https:\/\/www.diarioholaveracruz.com.mx\/sitio\/wp-content\/uploads\/2026\/06\/DENUNCIA-BANNER-468-X-60-860x110.jpg 860w, https:\/\/www.diarioholaveracruz.com.mx\/sitio\/wp-content\/uploads\/2026\/06\/DENUNCIA-BANNER-468-X-60-760x97.jpg 760w\" sizes=\"(max-width: 1872px) 100vw, 1872px\" width=\"1872\" height=\"240\"   \/><\/a><\/div>\n<p>Contempla una comunidad educativa integrada por m\u00e1s de 136 mil docentes y alrededor de 25 mil planteles educativos, que recibir\u00e1n nuevamente a ni\u00f1as, ni\u00f1os, adolescentes y j\u00f3venes de los distintos niveles educativos.<\/p>\n<p>El Gobierno del Estado, encabezado por la gobernadora Roc\u00edo Nahle Garc\u00eda, mantiene como prioridad garantizar el acceso y permanencia de los estudiantes en las escuelas, as\u00ed como fortalecer las condiciones para su aprendizaje a trav\u00e9s de la Secretar\u00eda de Educaci\u00f3n ( SEV).<\/p>\n<p>En diversas ocasiones se ha se\u00f1alado que la educaci\u00f3n requiere de la participaci\u00f3n activa y corresponsable de autoridades educativas, maestras y maestros, madres y padres de familia, para acompa\u00f1ar a las y los estudiantes durante su formaci\u00f3n.<\/p>\n<p>En este sentido, el llamado a las familias es a mantener una participaci\u00f3n cercana en la educaci\u00f3n de sus hijas e hijos, dar seguimiento a su desempe\u00f1o acad\u00e9mico, fomentar h\u00e1bitos de estudio, asistencia y puntualidad, as\u00ed como mantener comunicaci\u00f3n permanente con los docentes y las autoridades de cada plantel.<\/p>\n<p>El Gobierno estatal tambi\u00e9n ha impulsado acciones para reducir la carga econ\u00f3mica de las familias y fortalecer las condiciones de las escuelas.<\/p>\n<p>Entre ellas se encuentra la eliminaci\u00f3n de las cuotas de inscripci\u00f3n en instituciones tecnol\u00f3gicas y universidades p\u00fablicas estatales, adem\u00e1s de programas de becas y apoyos para estudiantes de educaci\u00f3n b\u00e1sica.<\/p>\n<p>A trav\u00e9s de la estrategia Transformando la Educaci\u00f3n, tambi\u00e9n se han realizado acciones de mantenimiento y dignificaci\u00f3n de planteles, con entrega de mobiliario, pintura, impermeabilizante, pizarrones, pantallas y otros materiales.<\/p>\n<p>La atenci\u00f3n educativa considera adem\u00e1s a sectores que requieren acciones espec\u00edficas para estudiantes ind\u00edgenas, m\u00e1s de 137 mil personas que habitan en municipios de alta marginaci\u00f3n y cerca de 23 mil estudiantes con discapacidad o trastornos del desarrollo.<\/p>\n<p>Este lunes, Veracruz volver\u00e1 a las aulas con un esfuerzo conjunto para hacer de la educaci\u00f3n una herramienta de igualdad de oportunidades y desarrollo para las nuevas generaciones.<\/p>\n<p><img loading=\"lazy\" loading=\"lazy\" decoding=\"async\" class=\"alignnone size-full wp-image-31511\" src=\"https:\/\/www.diarioholaveracruz.com.mx\/sitio\/wp-content\/uploads\/2026\/08\/WhatsApp-Image-2026-08-30-at-19.20.23-3.jpeg\" alt=\"\" width=\"1280\" height=\"854\" srcset=\"https:\/\/www.diarioholaveracruz.com.mx\/sitio\/wp-content\/uploads\/2026\/08\/WhatsApp-Image-2026-08-30-at-19.20.23-3.jpeg 1280w, https:\/\/www.diarioholaveracruz.com.mx\/sitio\/wp-content\/uploads\/2026\/08\/WhatsApp-Image-2026-08-30-at-19.20.23-3-300x200.jpeg 300w, https:\/\/www.diarioholaveracruz.com.mx\/sitio\/wp-content\/uploads\/2026\/08\/WhatsApp-Image-2026-08-30-at-19.20.23-3-1024x683.jpeg 1024w, https:\/\/www.diarioholaveracruz.com.mx\/sitio\/wp-content\/uploads\/2026\/08\/WhatsApp-Image-2026-08-30-at-19.20.23-3-768x512.jpeg 768w, https:\/\/www.diarioholaveracruz.com.mx\/sitio\/wp-content\/uploads\/2026\/08\/WhatsApp-Image-2026-08-30-at-19.20.23-3-330x220.jpeg 330w, https:\/\/www.diarioholaveracruz.com.mx\/sitio\/wp-content\/uploads\/2026\/08\/WhatsApp-Image-2026-08-30-at-19.20.23-3-420x280.jpeg 420w, https:\/\/www.diarioholaveracruz.com.mx\/sitio\/wp-content\/uploads\/2026\/08\/WhatsApp-Image-2026-08-30-at-19.20.23-3-615x410.jpeg 615w, https:\/\/www.diarioholaveracruz.com.mx\/sitio\/wp-content\/uploads\/2026\/08\/WhatsApp-Image-2026-08-30-at-19.20.23-3-860x574.jpeg 860w, https:\/\/www.diarioholaveracruz.com.mx\/sitio\/wp-content\/uploads\/2026\/08\/WhatsApp-Image-2026-08-30-at-19.20.23-3-760x507.jpeg 760w\" sizes=\"auto, (max-width: 1280px) 100vw, 1280px\" \/> <img loading=\"lazy\" loading=\"lazy\" decoding=\"async\" class=\"alignnone size-full wp-image-31512\" src=\"https:\/\/www.diarioholaveracruz.com.mx\/sitio\/wp-content\/uploads\/2026\/08\/WhatsApp-Image-2026-08-30-at-19.20.23-2.jpeg\" alt=\"\" width=\"1280\" height=\"854\" srcset=\"https:\/\/www.diarioholaveracruz.com.mx\/sitio\/wp-content\/uploads\/2026\/08\/WhatsApp-Image-2026-08-30-at-19.20.23-2.jpeg 1280w, https:\/\/www.diarioholaveracruz.com.mx\/sitio\/wp-content\/uploads\/2026\/08\/WhatsApp-Image-2026-08-30-at-19.20.23-2-300x200.jpeg 300w, https:\/\/www.diarioholaveracruz.com.mx\/sitio\/wp-content\/uploads\/2026\/08\/WhatsApp-Image-2026-08-30-at-19.20.23-2-1024x683.jpeg 1024w, https:\/\/www.diarioholaveracruz.com.mx\/sitio\/wp-content\/uploads\/2026\/08\/WhatsApp-Image-2026-08-30-at-19.20.23-2-768x512.jpeg 768w, https:\/\/www.diarioholaveracruz.com.mx\/sitio\/wp-content\/uploads\/2026\/08\/WhatsApp-Image-2026-08-30-at-19.20.23-2-330x220.jpeg 330w, https:\/\/www.diarioholaveracruz.com.mx\/sitio\/wp-content\/uploads\/2026\/08\/WhatsApp-Image-2026-08-30-at-19.20.23-2-420x280.jpeg 420w, https:\/\/www.diarioholaveracruz.com.mx\/sitio\/wp-content\/uploads\/2026\/08\/WhatsApp-Image-2026-08-30-at-19.20.23-2-615x410.jpeg 615w, https:\/\/www.diarioholaveracruz.com.mx\/sitio\/wp-content\/uploads\/2026\/08\/WhatsApp-Image-2026-08-30-at-19.20.23-2-860x574.jpeg 860w, https:\/\/www.diarioholaveracruz.com.mx\/sitio\/wp-content\/uploads\/2026\/08\/WhatsApp-Image-2026-08-30-at-19.20.23-2-760x507.jpeg 760w\" sizes=\"auto, (max-width: 1280px) 100vw, 1280px\" \/> <img loading=\"lazy\" loading=\"lazy\" decoding=\"async\" class=\"alignnone size-full wp-image-31513\" src=\"https:\/\/www.diarioholaveracruz.com.mx\/sitio\/wp-content\/uploads\/2026\/08\/WhatsApp-Image-2026-08-30-at-19.20.23-1.jpeg\" alt=\"\" width=\"1280\" height=\"854\" srcset=\"https:\/\/www.diarioholaveracruz.com.mx\/sitio\/wp-content\/uploads\/2026\/08\/WhatsApp-Image-2026-08-30-at-19.20.23-1.jpeg 1280w, https:\/\/www.diarioholaveracruz.com.mx\/sitio\/wp-content\/uploads\/2026\/08\/WhatsApp-Image-2026-08-30-at-19.20.23-1-300x200.jpeg 300w, https:\/\/www.diarioholaveracruz.com.mx\/sitio\/wp-content\/uploads\/2026\/08\/WhatsApp-Image-2026-08-30-at-19.20.23-1-1024x683.jpeg 1024w, https:\/\/www.diarioholaveracruz.com.mx\/sitio\/wp-content\/uploads\/2026\/08\/WhatsApp-Image-2026-08-30-at-19.20.23-1-768x512.jpeg 768w, https:\/\/www.diarioholaveracruz.com.mx\/sitio\/wp-content\/uploads\/2026\/08\/WhatsApp-Image-2026-08-30-at-19.20.23-1-330x220.jpeg 330w, https:\/\/www.diarioholaveracruz.com.mx\/sitio\/wp-content\/uploads\/2026\/08\/WhatsApp-Image-2026-08-30-at-19.20.23-1-420x280.jpeg 420w, https:\/\/www.diarioholaveracruz.com.mx\/sitio\/wp-content\/uploads\/2026\/08\/WhatsApp-Image-2026-08-30-at-19.20.23-1-615x410.jpeg 615w, https:\/\/www.diarioholaveracruz.com.mx\/sitio\/wp-content\/uploads\/2026\/08\/WhatsApp-Image-2026-08-30-at-19.20.23-1-860x574.jpeg 860w, https:\/\/www.diarioholaveracruz.com.mx\/sitio\/wp-content\/uploads\/2026\/08\/WhatsApp-Image-2026-08-30-at-19.20.23-1-760x507.jpeg 760w\" sizes=\"auto, (max-width: 1280px) 100vw, 1280px\" \/> <img loading=\"lazy\" loading=\"lazy\" decoding=\"async\" class=\"alignnone size-full wp-image-31514\" src=\"https:\/\/www.diarioholaveracruz.com.mx\/sitio\/wp-content\/uploads\/2026\/08\/WhatsApp-Image-2026-08-30-at-19.20.23.jpeg\" alt=\"\" width=\"1280\" height=\"854\" srcset=\"https:\/\/www.diarioholaveracruz.com.mx\/sitio\/wp-content\/uploads\/2026\/08\/WhatsApp-Image-2026-08-30-at-19.20.23.jpeg 1280w, https:\/\/www.diarioholaveracruz.com.mx\/sitio\/wp-content\/uploads\/2026\/08\/WhatsApp-Image-2026-08-30-at-19.20.23-300x200.jpeg 300w, https:\/\/www.diarioholaveracruz.com.mx\/sitio\/wp-content\/uploads\/2026\/08\/WhatsApp-Image-2026-08-30-at-19.20.23-1024x683.jpeg 1024w, https:\/\/www.diarioholaveracruz.com.mx\/sitio\/wp-content\/uploads\/2026\/08\/WhatsApp-Image-2026-08-30-at-19.20.23-768x512.jpeg 768w, https:\/\/www.diarioholaveracruz.com.mx\/sitio\/wp-content\/uploads\/2026\/08\/WhatsApp-Image-2026-08-30-at-19.20.23-330x220.jpeg 330w, https:\/\/www.diarioholaveracruz.com.mx\/sitio\/wp-content\/uploads\/2026\/08\/WhatsApp-Image-2026-08-30-at-19.20.23-420x280.jpeg 420w, https:\/\/www.diarioholaveracruz.com.mx\/sitio\/wp-content\/uploads\/2026\/08\/WhatsApp-Image-2026-08-30-at-19.20.23-615x410.jpeg 615w, https:\/\/www.diarioholaveracruz.com.mx\/sitio\/wp-content\/uploads\/2026\/08\/WhatsApp-Image-2026-08-30-at-19.20.23-860x574.jpeg 860w, https:\/\/www.diarioholaveracruz.com.mx\/sitio\/wp-content\/uploads\/2026\/08\/WhatsApp-Image-2026-08-30-at-19.20.23-760x507.jpeg 760w\" sizes=\"auto, (max-width: 1280px) 100vw, 1280px\" \/><\/p>\n","protected":false},"excerpt":{"rendered":"<p>XALAPA, VER., 30 DE AGOSTO DE 2026.- Este lunes 31 de agosto, alrededor de 2 millones de estudiantes de educaci\u00f3n b\u00e1sica, media superior y superior regresar\u00e1n a las aulas en los 212 municipios de Veracruz, para iniciar el ciclo escolar 2026-2027. Contempla una comunidad educativa integrada por m\u00e1s de 136 mil docentes y alrededor de [&hellip;]<\/p>\n","protected":false},"author":1,"featured_media":31511,"comment_status":"open","ping_status":"open","sticky":false,"template":"","format":"standard","meta":{"pagelayer_contact_templates":[],"_pagelayer_content":"","footnotes":""},"categories":[118,50,85],"tags":[],"class_list":["post-31508","post","type-post","status-publish","format-standard","has-post-thumbnail","category-comunicados","category-destacadas","category-xalapa"],"_links":{"self":[{"href":"https:\/\/www.diarioholaveracruz.com.mx\/sitio\/wp-json\/wp\/v2\/posts\/31508","targetHints":{"allow":["GET"]}}],"collection":[{"href":"https:\/\/www.diarioholaveracruz.com.mx\/sitio\/wp-json\/wp\/v2\/posts"}],"about":[{"href":"https:\/\/www.diarioholaveracruz.com.mx\/sitio\/wp-json\/wp\/v2\/types\/post"}],"author":[{"embeddable":true,"href":"https:\/\/www.diarioholaveracruz.com.mx\/sitio\/wp-json\/wp\/v2\/users\/1"}],"replies":[{"embeddable":true,"href":"https:\/\/www.diarioholaveracruz.com.mx\/sitio\/wp-json\/wp\/v2\/comments?post=31508"}],"version-history":[{"count":1,"href":"https:\/\/www.diarioholaveracruz.com.mx\/sitio\/wp-json\/wp\/v2\/posts\/31508\/revisions"}],"predecessor-version":[{"id":31515,"href":"https:\/\/www.diarioholaveracruz.com.mx\/sitio\/wp-json\/wp\/v2\/posts\/31508\/revisions\/31515"}],"wp:featuredmedia":[{"embeddable":true,"href":"https:\/\/www.diarioholaveracruz.com.mx\/sitio\/wp-json\/wp\/v2\/media\/31511"}],"wp:attachment":[{"href":"https:\/\/www.diarioholaveracruz.com.mx\/sitio\/wp-json\/wp\/v2\/media?parent=31508"}],"wp:term":[{"taxonomy":"category","embeddable":true,"href":"https:\/\/www.diarioholaveracruz.com.mx\/sitio\/wp-json\/wp\/v2\/categories?post=31508"},{"taxonomy":"post_tag","embeddable":true,"href":"https:\/\/www.diarioholaveracruz.com.mx\/sitio\/wp-json\/wp\/v2\/tags?post=31508"}],"curies":[{"name":"wp","href":"https:\/\/api.w.org\/{rel}","templated":true}]}}