{"id":31547,"date":"2026-08-31T11:05:07","date_gmt":"2026-08-31T17:05:07","guid":{"rendered":"https:\/\/www.diarioholaveracruz.com.mx\/sitio\/?p=31547"},"modified":"2026-08-31T11:05:07","modified_gmt":"2026-08-31T17:05:07","slug":"inauguracion-de-la-escuela-veracruzana-de-servicios-turisticos","status":"publish","type":"post","link":"https:\/\/www.diarioholaveracruz.com.mx\/sitio\/inauguracion-de-la-escuela-veracruzana-de-servicios-turisticos\/","title":{"rendered":"Inauguraci\u00f3n de la Escuela Veracruzana de Servicios Tur\u00edsticos"},"content":{"rendered":"<div id=\"diari-321455020\" class=\"diari-antes-del-contenido diari-entity-placement\" style=\"margin-left: auto;margin-right: auto;text-align: center;\"><a href=\"https:\/\/www.ssaver.gob.mx\/\" aria-label=\"BANNER_315x500-px\"><img loading=\"lazy\" decoding=\"async\" src=\"https:\/\/www.diarioholaveracruz.com.mx\/sitio\/wp-content\/uploads\/2026\/05\/BANNER_315x500-px-1-scaled.png\" alt=\"\"  srcset=\"https:\/\/www.diarioholaveracruz.com.mx\/sitio\/wp-content\/uploads\/2026\/05\/BANNER_315x500-px-1-scaled.png 2560w, https:\/\/www.diarioholaveracruz.com.mx\/sitio\/wp-content\/uploads\/2026\/05\/BANNER_315x500-px-1-300x48.png 300w, https:\/\/www.diarioholaveracruz.com.mx\/sitio\/wp-content\/uploads\/2026\/05\/BANNER_315x500-px-1-1024x163.png 1024w, https:\/\/www.diarioholaveracruz.com.mx\/sitio\/wp-content\/uploads\/2026\/05\/BANNER_315x500-px-1-768x122.png 768w, https:\/\/www.diarioholaveracruz.com.mx\/sitio\/wp-content\/uploads\/2026\/05\/BANNER_315x500-px-1-1536x244.png 1536w, https:\/\/www.diarioholaveracruz.com.mx\/sitio\/wp-content\/uploads\/2026\/05\/BANNER_315x500-px-1-2048x326.png 2048w, https:\/\/www.diarioholaveracruz.com.mx\/sitio\/wp-content\/uploads\/2026\/05\/BANNER_315x500-px-1-860x137.png 860w, https:\/\/www.diarioholaveracruz.com.mx\/sitio\/wp-content\/uploads\/2026\/05\/BANNER_315x500-px-1-760x121.png 760w\" sizes=\"(max-width: 2560px) 100vw, 2560px\" width=\"800\" height=\"107\"   \/><\/a><\/div><p><iframe loading=\"lazy\" title=\"\u25b6\ufe0fTransmisi\u00f3n en vivo | Inauguraci\u00f3n de la Escuela Veracruzana de Servicios Tur\u00edsticos \ud83c\udf93\" width=\"1170\" height=\"878\" src=\"https:\/\/www.youtube.com\/embed\/9-GClnOiceE?feature=oembed\" frameborder=\"0\" allow=\"accelerometer; autoplay; clipboard-write; encrypted-media; gyroscope; picture-in-picture; web-share\" referrerpolicy=\"strict-origin-when-cross-origin\" allowfullscreen><\/iframe><\/p>\n","protected":false},"excerpt":{"rendered":"","protected":false},"author":1,"featured_media":31550,"comment_status":"open","ping_status":"open","sticky":false,"template":"","format":"standard","meta":{"pagelayer_contact_templates":[],"_pagelayer_content":"","footnotes":""},"categories":[104],"tags":[],"class_list":["post-31547","post","type-post","status-publish","format-standard","has-post-thumbnail","category-conferencias-en-vivo"],"_links":{"self":[{"href":"https:\/\/www.diarioholaveracruz.com.mx\/sitio\/wp-json\/wp\/v2\/posts\/31547","targetHints":{"allow":["GET"]}}],"collection":[{"href":"https:\/\/www.diarioholaveracruz.com.mx\/sitio\/wp-json\/wp\/v2\/posts"}],"about":[{"href":"https:\/\/www.diarioholaveracruz.com.mx\/sitio\/wp-json\/wp\/v2\/types\/post"}],"author":[{"embeddable":true,"href":"https:\/\/www.diarioholaveracruz.com.mx\/sitio\/wp-json\/wp\/v2\/users\/1"}],"replies":[{"embeddable":true,"href":"https:\/\/www.diarioholaveracruz.com.mx\/sitio\/wp-json\/wp\/v2\/comments?post=31547"}],"version-history":[{"count":1,"href":"https:\/\/www.diarioholaveracruz.com.mx\/sitio\/wp-json\/wp\/v2\/posts\/31547\/revisions"}],"predecessor-version":[{"id":31551,"href":"https:\/\/www.diarioholaveracruz.com.mx\/sitio\/wp-json\/wp\/v2\/posts\/31547\/revisions\/31551"}],"wp:featuredmedia":[{"embeddable":true,"href":"https:\/\/www.diarioholaveracruz.com.mx\/sitio\/wp-json\/wp\/v2\/media\/31550"}],"wp:attachment":[{"href":"https:\/\/www.diarioholaveracruz.com.mx\/sitio\/wp-json\/wp\/v2\/media?parent=31547"}],"wp:term":[{"taxonomy":"category","embeddable":true,"href":"https:\/\/www.diarioholaveracruz.com.mx\/sitio\/wp-json\/wp\/v2\/categories?post=31547"},{"taxonomy":"post_tag","embeddable":true,"href":"https:\/\/www.diarioholaveracruz.com.mx\/sitio\/wp-json\/wp\/v2\/tags?post=31547"}],"curies":[{"name":"wp","href":"https:\/\/api.w.org\/{rel}","templated":true}]}}