{"id":31552,"date":"2026-08-31T12:13:32","date_gmt":"2026-08-31T18:13:32","guid":{"rendered":"https:\/\/www.diarioholaveracruz.com.mx\/sitio\/?p=31552"},"modified":"2026-08-31T12:13:32","modified_gmt":"2026-08-31T18:13:32","slug":"rocio-nahle-inaugura-ciclo-escolar-2-millones-de-estudiantes-regresan-a-clases","status":"publish","type":"post","link":"https:\/\/www.diarioholaveracruz.com.mx\/sitio\/rocio-nahle-inaugura-ciclo-escolar-2-millones-de-estudiantes-regresan-a-clases\/","title":{"rendered":"Roc\u00edo Nahle inaugura ciclo escolar; 2 millones de estudiantes regresan a clases"},"content":{"rendered":"<div id=\"diari-3160892054\" class=\"diari-antes-del-contenido diari-entity-placement\" style=\"margin-left: auto;margin-right: auto;text-align: center;\"><a href=\"https:\/\/www.ssaver.gob.mx\/\" aria-label=\"BANNER_315x500-px\"><img loading=\"lazy\" decoding=\"async\" src=\"https:\/\/www.diarioholaveracruz.com.mx\/sitio\/wp-content\/uploads\/2026\/05\/BANNER_315x500-px-1-scaled.png\" alt=\"\"  srcset=\"https:\/\/www.diarioholaveracruz.com.mx\/sitio\/wp-content\/uploads\/2026\/05\/BANNER_315x500-px-1-scaled.png 2560w, https:\/\/www.diarioholaveracruz.com.mx\/sitio\/wp-content\/uploads\/2026\/05\/BANNER_315x500-px-1-300x48.png 300w, https:\/\/www.diarioholaveracruz.com.mx\/sitio\/wp-content\/uploads\/2026\/05\/BANNER_315x500-px-1-1024x163.png 1024w, https:\/\/www.diarioholaveracruz.com.mx\/sitio\/wp-content\/uploads\/2026\/05\/BANNER_315x500-px-1-768x122.png 768w, https:\/\/www.diarioholaveracruz.com.mx\/sitio\/wp-content\/uploads\/2026\/05\/BANNER_315x500-px-1-1536x244.png 1536w, https:\/\/www.diarioholaveracruz.com.mx\/sitio\/wp-content\/uploads\/2026\/05\/BANNER_315x500-px-1-2048x326.png 2048w, https:\/\/www.diarioholaveracruz.com.mx\/sitio\/wp-content\/uploads\/2026\/05\/BANNER_315x500-px-1-860x137.png 860w, https:\/\/www.diarioholaveracruz.com.mx\/sitio\/wp-content\/uploads\/2026\/05\/BANNER_315x500-px-1-760x121.png 760w\" sizes=\"(max-width: 2560px) 100vw, 2560px\" width=\"800\" height=\"107\"   \/><\/a><\/div><p class=\"s7\"><span class=\"s4\">&gt;<\/span><span class=\"s4\">1.2 millones de estudiantes y cerca de 91 mil maestras y maestros<\/span><span class=\"s4\">, de educaci\u00f3n b\u00e1sica.<\/span><\/p><div id=\"diari-301171394\" class=\"diari-contenido diari-entity-placement\"><a href=\"https:\/\/www.veracruz.gob.mx\/seguridad\/denuncia-ciudadana-y-linea-de-emergencia\/\" aria-label=\"DENUNCIA BANNER 468 X 60\"><img loading=\"lazy\" decoding=\"async\" src=\"https:\/\/www.diarioholaveracruz.com.mx\/sitio\/wp-content\/uploads\/2026\/06\/DENUNCIA-BANNER-468-X-60.jpg\" alt=\"\"  srcset=\"https:\/\/www.diarioholaveracruz.com.mx\/sitio\/wp-content\/uploads\/2026\/06\/DENUNCIA-BANNER-468-X-60.jpg 1872w, https:\/\/www.diarioholaveracruz.com.mx\/sitio\/wp-content\/uploads\/2026\/06\/DENUNCIA-BANNER-468-X-60-300x38.jpg 300w, https:\/\/www.diarioholaveracruz.com.mx\/sitio\/wp-content\/uploads\/2026\/06\/DENUNCIA-BANNER-468-X-60-1024x131.jpg 1024w, https:\/\/www.diarioholaveracruz.com.mx\/sitio\/wp-content\/uploads\/2026\/06\/DENUNCIA-BANNER-468-X-60-768x98.jpg 768w, https:\/\/www.diarioholaveracruz.com.mx\/sitio\/wp-content\/uploads\/2026\/06\/DENUNCIA-BANNER-468-X-60-1536x197.jpg 1536w, https:\/\/www.diarioholaveracruz.com.mx\/sitio\/wp-content\/uploads\/2026\/06\/DENUNCIA-BANNER-468-X-60-860x110.jpg 860w, https:\/\/www.diarioholaveracruz.com.mx\/sitio\/wp-content\/uploads\/2026\/06\/DENUNCIA-BANNER-468-X-60-760x97.jpg 760w\" sizes=\"(max-width: 1872px) 100vw, 1872px\" width=\"1872\" height=\"240\"   \/><\/a><\/div>\n<p class=\"s7\"><span class=\"s4\">&gt;<\/span><span class=\"s4\">T<\/span><span class=\"s4\">ransformaci\u00f3n de escuelas continuar\u00e1 todo el sexenio<\/span><span class=\"s4\">.<\/span><span class=\"s5\">\u00a0<\/span><\/p>\n<p class=\"s7\"><span class=\"s5\">Medell\u00edn, Ver., lunes 31 de agosto de 2026.-<\/span> <span class=\"s4\">C<\/span><span class=\"s4\">on el regreso a clases de m\u00e1s de 2 millones de estudiantes de todos los niveles educativos, <\/span><span class=\"s4\">y<\/span> <span class=\"s4\">alrededor de<\/span><span class=\"s4\"> 150 mil maestras y maestros<\/span><span class=\"s4\">, Veracruz inici\u00f3 el ciclo escolar 2026-2027 con una pol\u00edtica educativa enfocada en mejorar las condiciones de las escuelas, apoyar a las fa<\/span><a name=\"_GoBack\"><\/a><span class=\"s4\">milias y garantizar la permanencia de ni\u00f1as, ni\u00f1os y j\u00f3venes en las aulas, inform\u00f3 la gobernadora Roc\u00edo Nahle Garc\u00eda.<\/span><\/p>\n<p class=\"s7\"><span class=\"s4\">\u00a0<\/span><span class=\"s4\">Durante la ceremonia de inicio de clases en la primaria Nicol\u00e1s Bravo, <\/span><span class=\"s4\">junto con<\/span><span class=\"s4\"> la secretaria de Educaci\u00f3n, Raquel Bonilla Herrera, la Gobernadora destac\u00f3 como prioridades la rehabilitaci\u00f3n y pintura de planteles, as\u00ed como la renovaci\u00f3n de pupitres y sillas, acciones que continuar\u00e1n durante todo el sexenio.<\/span><\/p>\n<p class=\"s7\"><span class=\"s4\">Para atender la demanda de mobiliario, se\u00f1al\u00f3, dos f\u00e1bricas ubicadas en C\u00f3rdoba y Coatepec trabajan de manera permanente en la elaboraci\u00f3n de pupitres para las escuelas veracruzanas. El modelo tambi\u00e9n considera las necesidades planteadas por las comunidades escolares, con opciones de mobiliario individual y mesas para favorecer el trabajo colaborativo.<\/span><\/p>\n<p class=\"s7\"><span class=\"s4\">\u201c<\/span><span class=\"s4\">Hemos estado trabajando en las condiciones de las escuelas, pero tambi\u00e9n un tema que nos ocupa mucho es la matr\u00edcula, que cada d\u00eda aumente para que nadie se quede fuera<\/span><span class=\"s4\">\u201d<\/span><span class=\"s4\">.<\/span><\/p>\n<p class=\"s7\"><span class=\"s4\">Como parte de la pol\u00edtica de ordenamiento escolar, la Gobernadora destac\u00f3 la regulaci\u00f3n de las cooperativas, cuyo objetivo es que los recursos que generan se destinen a las necesidades de los propios planteles.<\/span><\/p>\n<p class=\"s7\"><span class=\"s4\">Explic\u00f3 que desde el a\u00f1o pasado se modific\u00f3 el reglamento para establecer que estos ingresos sean utilizados en gas, materiales de limpieza y otros requerimientos determinados por la comunidad escolar.<\/span><\/p>\n<p class=\"s7\"><span class=\"s4\">La estrategia continuar\u00e1 este a\u00f1o para que este esquema opere en todos los planteles, con la participaci\u00f3n de directores, madres y padres de familia<\/span><span class=\"s4\">, \u201clas <\/span><span class=\"s4\">cooperativas deben estar al servicio de las escuelas, no convertirse en negocios particulares\u201d, enfatiz\u00f3.<\/span><\/p>\n<p class=\"s7\"><span class=\"s4\">Tambi\u00e9n inform\u00f3 que este a\u00f1o inici\u00f3 la entrega de mochilas, cuadernos y \u00fatiles escolares para estudiantes de municipios con mayor vulnerabilidad, con acciones realizadas en las sierras de Huayacocotla, Zongolica y Soteapan.<\/span><\/p>\n<p class=\"s7\"><span class=\"s4\">Dijo que la cobertura se ampliar\u00e1 progresivamente conforme lo permita el presupuesto estatal. En esta ocasi\u00f3n, estudiantes de la primaria Nicol\u00e1s Bravo recibieron mochilas, cuadernos y libros como parte del inicio del ciclo escolar.<\/span><span class=\"s4\">\u00a0<\/span><\/p>\n<p class=\"s7\"><span class=\"s4\">Por su parte, la secretaria de Educaci\u00f3n de Veracruz, Raquel Bonilla Herrera, inform\u00f3 que este lunes regresaron a las aulas m\u00e1s de 1.2 millones de estudiantes de educaci\u00f3n b\u00e1sica en los 212 municipios, atendidos por m\u00e1s de 91 mil maestras y maestros.<\/span><\/p>\n<p class=\"s7\"><span class=\"s4\">Reconoci\u00f3 el compromiso del magisterio veracruzano y llam\u00f3 a madres y padres de familia a participar activamente en la formaci\u00f3n de sus hijas e hijos.<\/span><\/p>\n<p class=\"s7\"><span class=\"s4\">Refrend\u00f3 que la Secretar\u00eda de Educaci\u00f3n de Veracruz trabaja para garantizar una educaci\u00f3n cercana, incluyente e integral, en coordinaci\u00f3n con la pol\u00edtica educativa de la presidenta de M\u00e9xico, Claudia Sheinbaum Pardo.<\/span><\/p>\n<p class=\"s7\"><span class=\"s4\">Finalmente, la Gobernadora afirm\u00f3 que la educaci\u00f3n debe proporcionar las herramientas para que ni\u00f1as, ni\u00f1os y j\u00f3venes construyan libremente su proyecto de vida<\/span><span class=\"s4\">, \u201cest\u00e1n <\/span><span class=\"s4\">aqu\u00ed para estudiar, prepararse y de grandes ser lo que ustedes quieran ser\u201d, expres\u00f3.<\/span><\/p>\n<p class=\"s7\"><span class=\"s4\">Asimismo, reconoci\u00f3 al magisterio como pieza fundamental de la transformaci\u00f3n educativa y reiter\u00f3 el compromiso de su administraci\u00f3n para atender los rezagos laborales del sector.<\/span><\/p>\n<p class=\"s7\"><span class=\"s4\">A la ceremonia asistieron tambi\u00e9n el presidente municipal, Samuel Acosta Mart\u00ednez; los subsecretarios de Educaci\u00f3n B\u00e1sica y de Educaci\u00f3n Media Superior y Superior, Maritza Ram\u00edrez Aguilar y David Agust\u00edn Jim\u00e9nez Rojas, respectivamente; el oficial mayor de la SEV, Jos\u00e9 Ram\u00f3n Cardona Mendoza; as\u00ed como autoridades de la primaria Nicol\u00e1s Bravo, representantes de madres y padres de familia y estudiantes del plantel.<\/span><\/p>\n<p><img loading=\"lazy\" loading=\"lazy\" decoding=\"async\" class=\"alignnone size-full wp-image-31553\" src=\"https:\/\/www.diarioholaveracruz.com.mx\/sitio\/wp-content\/uploads\/2026\/08\/WhatsApp-Image-2026-08-31-at-10.40.28-1.jpeg\" alt=\"\" width=\"1600\" height=\"1189\" srcset=\"https:\/\/www.diarioholaveracruz.com.mx\/sitio\/wp-content\/uploads\/2026\/08\/WhatsApp-Image-2026-08-31-at-10.40.28-1.jpeg 1600w, https:\/\/www.diarioholaveracruz.com.mx\/sitio\/wp-content\/uploads\/2026\/08\/WhatsApp-Image-2026-08-31-at-10.40.28-1-300x223.jpeg 300w, https:\/\/www.diarioholaveracruz.com.mx\/sitio\/wp-content\/uploads\/2026\/08\/WhatsApp-Image-2026-08-31-at-10.40.28-1-1024x761.jpeg 1024w, https:\/\/www.diarioholaveracruz.com.mx\/sitio\/wp-content\/uploads\/2026\/08\/WhatsApp-Image-2026-08-31-at-10.40.28-1-768x571.jpeg 768w, https:\/\/www.diarioholaveracruz.com.mx\/sitio\/wp-content\/uploads\/2026\/08\/WhatsApp-Image-2026-08-31-at-10.40.28-1-1536x1141.jpeg 1536w, https:\/\/www.diarioholaveracruz.com.mx\/sitio\/wp-content\/uploads\/2026\/08\/WhatsApp-Image-2026-08-31-at-10.40.28-1-860x639.jpeg 860w, https:\/\/www.diarioholaveracruz.com.mx\/sitio\/wp-content\/uploads\/2026\/08\/WhatsApp-Image-2026-08-31-at-10.40.28-1-760x565.jpeg 760w\" sizes=\"auto, (max-width: 1600px) 100vw, 1600px\" \/> <img loading=\"lazy\" loading=\"lazy\" decoding=\"async\" class=\"alignnone size-full wp-image-31554\" src=\"https:\/\/www.diarioholaveracruz.com.mx\/sitio\/wp-content\/uploads\/2026\/08\/WhatsApp-Image-2026-08-31-at-10.40.28-scaled.jpeg\" alt=\"\" width=\"2560\" height=\"1706\" srcset=\"https:\/\/www.diarioholaveracruz.com.mx\/sitio\/wp-content\/uploads\/2026\/08\/WhatsApp-Image-2026-08-31-at-10.40.28-scaled.jpeg 2560w, https:\/\/www.diarioholaveracruz.com.mx\/sitio\/wp-content\/uploads\/2026\/08\/WhatsApp-Image-2026-08-31-at-10.40.28-300x200.jpeg 300w, https:\/\/www.diarioholaveracruz.com.mx\/sitio\/wp-content\/uploads\/2026\/08\/WhatsApp-Image-2026-08-31-at-10.40.28-1024x683.jpeg 1024w, https:\/\/www.diarioholaveracruz.com.mx\/sitio\/wp-content\/uploads\/2026\/08\/WhatsApp-Image-2026-08-31-at-10.40.28-768x512.jpeg 768w, https:\/\/www.diarioholaveracruz.com.mx\/sitio\/wp-content\/uploads\/2026\/08\/WhatsApp-Image-2026-08-31-at-10.40.28-1536x1024.jpeg 1536w, https:\/\/www.diarioholaveracruz.com.mx\/sitio\/wp-content\/uploads\/2026\/08\/WhatsApp-Image-2026-08-31-at-10.40.28-2048x1365.jpeg 2048w, https:\/\/www.diarioholaveracruz.com.mx\/sitio\/wp-content\/uploads\/2026\/08\/WhatsApp-Image-2026-08-31-at-10.40.28-330x220.jpeg 330w, https:\/\/www.diarioholaveracruz.com.mx\/sitio\/wp-content\/uploads\/2026\/08\/WhatsApp-Image-2026-08-31-at-10.40.28-420x280.jpeg 420w, https:\/\/www.diarioholaveracruz.com.mx\/sitio\/wp-content\/uploads\/2026\/08\/WhatsApp-Image-2026-08-31-at-10.40.28-615x410.jpeg 615w, https:\/\/www.diarioholaveracruz.com.mx\/sitio\/wp-content\/uploads\/2026\/08\/WhatsApp-Image-2026-08-31-at-10.40.28-860x573.jpeg 860w, https:\/\/www.diarioholaveracruz.com.mx\/sitio\/wp-content\/uploads\/2026\/08\/WhatsApp-Image-2026-08-31-at-10.40.28-760x507.jpeg 760w\" sizes=\"auto, (max-width: 2560px) 100vw, 2560px\" \/> <img loading=\"lazy\" loading=\"lazy\" decoding=\"async\" class=\"alignnone size-full wp-image-31555\" src=\"https:\/\/www.diarioholaveracruz.com.mx\/sitio\/wp-content\/uploads\/2026\/08\/WhatsApp-Image-2026-08-31-at-10.40.27-scaled.jpeg\" alt=\"\" width=\"2560\" height=\"1706\" srcset=\"https:\/\/www.diarioholaveracruz.com.mx\/sitio\/wp-content\/uploads\/2026\/08\/WhatsApp-Image-2026-08-31-at-10.40.27-scaled.jpeg 2560w, https:\/\/www.diarioholaveracruz.com.mx\/sitio\/wp-content\/uploads\/2026\/08\/WhatsApp-Image-2026-08-31-at-10.40.27-300x200.jpeg 300w, https:\/\/www.diarioholaveracruz.com.mx\/sitio\/wp-content\/uploads\/2026\/08\/WhatsApp-Image-2026-08-31-at-10.40.27-1024x683.jpeg 1024w, https:\/\/www.diarioholaveracruz.com.mx\/sitio\/wp-content\/uploads\/2026\/08\/WhatsApp-Image-2026-08-31-at-10.40.27-768x512.jpeg 768w, https:\/\/www.diarioholaveracruz.com.mx\/sitio\/wp-content\/uploads\/2026\/08\/WhatsApp-Image-2026-08-31-at-10.40.27-1536x1024.jpeg 1536w, https:\/\/www.diarioholaveracruz.com.mx\/sitio\/wp-content\/uploads\/2026\/08\/WhatsApp-Image-2026-08-31-at-10.40.27-2048x1365.jpeg 2048w, https:\/\/www.diarioholaveracruz.com.mx\/sitio\/wp-content\/uploads\/2026\/08\/WhatsApp-Image-2026-08-31-at-10.40.27-330x220.jpeg 330w, https:\/\/www.diarioholaveracruz.com.mx\/sitio\/wp-content\/uploads\/2026\/08\/WhatsApp-Image-2026-08-31-at-10.40.27-420x280.jpeg 420w, https:\/\/www.diarioholaveracruz.com.mx\/sitio\/wp-content\/uploads\/2026\/08\/WhatsApp-Image-2026-08-31-at-10.40.27-615x410.jpeg 615w, https:\/\/www.diarioholaveracruz.com.mx\/sitio\/wp-content\/uploads\/2026\/08\/WhatsApp-Image-2026-08-31-at-10.40.27-860x573.jpeg 860w, https:\/\/www.diarioholaveracruz.com.mx\/sitio\/wp-content\/uploads\/2026\/08\/WhatsApp-Image-2026-08-31-at-10.40.27-760x507.jpeg 760w\" sizes=\"auto, (max-width: 2560px) 100vw, 2560px\" \/><\/p>\n","protected":false},"excerpt":{"rendered":"<p>&gt;1.2 millones de estudiantes y cerca de 91 mil maestras y maestros, de educaci\u00f3n b\u00e1sica. &gt;Transformaci\u00f3n de escuelas continuar\u00e1 todo el sexenio.\u00a0 Medell\u00edn, Ver., lunes 31 de agosto de 2026.- Con el regreso a clases de m\u00e1s de 2 millones de estudiantes de todos los niveles educativos, y alrededor de 150 mil maestras y maestros, [&hellip;]<\/p>\n","protected":false},"author":1,"featured_media":31553,"comment_status":"open","ping_status":"open","sticky":false,"template":"","format":"standard","meta":{"pagelayer_contact_templates":[],"_pagelayer_content":"","footnotes":""},"categories":[118,50,137],"tags":[],"class_list":["post-31552","post","type-post","status-publish","format-standard","has-post-thumbnail","category-comunicados","category-destacadas","category-medellin"],"_links":{"self":[{"href":"https:\/\/www.diarioholaveracruz.com.mx\/sitio\/wp-json\/wp\/v2\/posts\/31552","targetHints":{"allow":["GET"]}}],"collection":[{"href":"https:\/\/www.diarioholaveracruz.com.mx\/sitio\/wp-json\/wp\/v2\/posts"}],"about":[{"href":"https:\/\/www.diarioholaveracruz.com.mx\/sitio\/wp-json\/wp\/v2\/types\/post"}],"author":[{"embeddable":true,"href":"https:\/\/www.diarioholaveracruz.com.mx\/sitio\/wp-json\/wp\/v2\/users\/1"}],"replies":[{"embeddable":true,"href":"https:\/\/www.diarioholaveracruz.com.mx\/sitio\/wp-json\/wp\/v2\/comments?post=31552"}],"version-history":[{"count":1,"href":"https:\/\/www.diarioholaveracruz.com.mx\/sitio\/wp-json\/wp\/v2\/posts\/31552\/revisions"}],"predecessor-version":[{"id":31556,"href":"https:\/\/www.diarioholaveracruz.com.mx\/sitio\/wp-json\/wp\/v2\/posts\/31552\/revisions\/31556"}],"wp:featuredmedia":[{"embeddable":true,"href":"https:\/\/www.diarioholaveracruz.com.mx\/sitio\/wp-json\/wp\/v2\/media\/31553"}],"wp:attachment":[{"href":"https:\/\/www.diarioholaveracruz.com.mx\/sitio\/wp-json\/wp\/v2\/media?parent=31552"}],"wp:term":[{"taxonomy":"category","embeddable":true,"href":"https:\/\/www.diarioholaveracruz.com.mx\/sitio\/wp-json\/wp\/v2\/categories?post=31552"},{"taxonomy":"post_tag","embeddable":true,"href":"https:\/\/www.diarioholaveracruz.com.mx\/sitio\/wp-json\/wp\/v2\/tags?post=31552"}],"curies":[{"name":"wp","href":"https:\/\/api.w.org\/{rel}","templated":true}]}}