{"id":31558,"date":"2026-08-31T18:30:46","date_gmt":"2026-09-01T00:30:46","guid":{"rendered":"https:\/\/www.diarioholaveracruz.com.mx\/sitio\/?p=31558"},"modified":"2026-08-31T18:30:46","modified_gmt":"2026-09-01T00:30:46","slug":"compromiso-cumplido-rocio-nahle-inaugura-escuela-veracruzana-de-servicios-turisticos","status":"publish","type":"post","link":"https:\/\/www.diarioholaveracruz.com.mx\/sitio\/compromiso-cumplido-rocio-nahle-inaugura-escuela-veracruzana-de-servicios-turisticos\/","title":{"rendered":"Compromiso cumplido: Roc\u00edo Nahle inaugura Escuela Veracruzana de Servicios Tur\u00edsticos"},"content":{"rendered":"<div id=\"diari-4277783954\" class=\"diari-antes-del-contenido diari-entity-placement\" style=\"margin-left: auto;margin-right: auto;text-align: center;\"><a href=\"https:\/\/www.ssaver.gob.mx\/\" aria-label=\"BANNER_315x500-px\"><img loading=\"lazy\" decoding=\"async\" src=\"https:\/\/www.diarioholaveracruz.com.mx\/sitio\/wp-content\/uploads\/2026\/05\/BANNER_315x500-px-1-scaled.png\" alt=\"\"  srcset=\"https:\/\/www.diarioholaveracruz.com.mx\/sitio\/wp-content\/uploads\/2026\/05\/BANNER_315x500-px-1-scaled.png 2560w, https:\/\/www.diarioholaveracruz.com.mx\/sitio\/wp-content\/uploads\/2026\/05\/BANNER_315x500-px-1-300x48.png 300w, https:\/\/www.diarioholaveracruz.com.mx\/sitio\/wp-content\/uploads\/2026\/05\/BANNER_315x500-px-1-1024x163.png 1024w, https:\/\/www.diarioholaveracruz.com.mx\/sitio\/wp-content\/uploads\/2026\/05\/BANNER_315x500-px-1-768x122.png 768w, https:\/\/www.diarioholaveracruz.com.mx\/sitio\/wp-content\/uploads\/2026\/05\/BANNER_315x500-px-1-1536x244.png 1536w, https:\/\/www.diarioholaveracruz.com.mx\/sitio\/wp-content\/uploads\/2026\/05\/BANNER_315x500-px-1-2048x326.png 2048w, https:\/\/www.diarioholaveracruz.com.mx\/sitio\/wp-content\/uploads\/2026\/05\/BANNER_315x500-px-1-860x137.png 860w, https:\/\/www.diarioholaveracruz.com.mx\/sitio\/wp-content\/uploads\/2026\/05\/BANNER_315x500-px-1-760x121.png 760w\" sizes=\"(max-width: 2560px) 100vw, 2560px\" width=\"800\" height=\"107\"   \/><\/a><\/div><p class=\"s7\"><span class=\"s4\">&gt;<\/span><span class=\"s4\">\u201c<\/span><span class=\"s4\">Hoy se empieza a escribir una etapa m\u00e1s en el turismo de Veracruz\u201d.<\/span><\/p><div id=\"diari-1147540597\" class=\"diari-contenido diari-entity-placement\"><a href=\"https:\/\/www.veracruz.gob.mx\/seguridad\/denuncia-ciudadana-y-linea-de-emergencia\/\" aria-label=\"DENUNCIA BANNER 468 X 60\"><img loading=\"lazy\" decoding=\"async\" src=\"https:\/\/www.diarioholaveracruz.com.mx\/sitio\/wp-content\/uploads\/2026\/06\/DENUNCIA-BANNER-468-X-60.jpg\" alt=\"\"  srcset=\"https:\/\/www.diarioholaveracruz.com.mx\/sitio\/wp-content\/uploads\/2026\/06\/DENUNCIA-BANNER-468-X-60.jpg 1872w, https:\/\/www.diarioholaveracruz.com.mx\/sitio\/wp-content\/uploads\/2026\/06\/DENUNCIA-BANNER-468-X-60-300x38.jpg 300w, https:\/\/www.diarioholaveracruz.com.mx\/sitio\/wp-content\/uploads\/2026\/06\/DENUNCIA-BANNER-468-X-60-1024x131.jpg 1024w, https:\/\/www.diarioholaveracruz.com.mx\/sitio\/wp-content\/uploads\/2026\/06\/DENUNCIA-BANNER-468-X-60-768x98.jpg 768w, https:\/\/www.diarioholaveracruz.com.mx\/sitio\/wp-content\/uploads\/2026\/06\/DENUNCIA-BANNER-468-X-60-1536x197.jpg 1536w, https:\/\/www.diarioholaveracruz.com.mx\/sitio\/wp-content\/uploads\/2026\/06\/DENUNCIA-BANNER-468-X-60-860x110.jpg 860w, https:\/\/www.diarioholaveracruz.com.mx\/sitio\/wp-content\/uploads\/2026\/06\/DENUNCIA-BANNER-468-X-60-760x97.jpg 760w\" sizes=\"(max-width: 1872px) 100vw, 1872px\" width=\"1872\" height=\"240\"   \/><\/a><\/div>\n<p class=\"s7\"><span class=\"s4\">&gt;<\/span><span class=\"s4\">La instituci\u00f3n abrir\u00e1 una nueva generaci\u00f3n cada cuatro meses<\/span><span class=\"s4\">.<\/span><\/p>\n<p class=\"s7\"><span class=\"s5\">Boca del R\u00edo, Ver., lunes 31 de agosto de 2026.-<\/span><span class=\"s4\"> La gobernadora Roc\u00edo Nahle Garc\u00eda inaugur\u00f3 la Escuela Veracruzana de Servicios Tur\u00edsticos, proyecto planteado desde campa\u00f1a que hoy inicia con una primera generaci\u00f3n de 128 estudiantes, distribuidos en cuatro grupos de 32.<\/span><\/p>\n<p class=\"s7\"><span class=\"s4\">La instituci\u00f3n impartir\u00e1 de manera gratuita la carrera de T\u00e9cnico Superior Universitario en Servicios Tur\u00edsticos, con una duraci\u00f3n de seis cuatrimestres, equivalentes a dos a\u00f1os, <\/span><span class=\"s4\">con<\/span><span class=\"s4\"> respaldo de t\u00edtulo y c\u00e9dula profesional, adem\u00e1s de opci\u00f3n a certificaciones por competencias laborales.<\/span><\/p>\n<p class=\"s7\"><span class=\"s4\">\u201cEste proyecto desde el primer momento naci\u00f3 bien\u201d, afirm\u00f3 la Gobernadora, al destacar que para su desarrollo se cont\u00f3 con la participaci\u00f3n de especialistas del sector, entre ellos el exsecretario federal de Turismo, Miguel Torruco Marqu\u00e9s, con quien se defini\u00f3 el modelo acad\u00e9mico y la orientaci\u00f3n de la escuela.<\/span><\/p>\n<p class=\"s7\"><span class=\"s4\">El proyecto tambi\u00e9n permiti\u00f3 rescatar y rehabilitar espacios subutilizados del Ilustre Instituto Veracruzano, mediante trabajos de pintura, adecuaci\u00f3n y equipamiento, con lo que se ampl\u00eda el aprovechamiento de esta infraestructura educativa.<\/span><\/p>\n<p class=\"s7\"><span class=\"s4\">\u201cHoy se empieza a escribir una etapa m\u00e1s en el turismo de Veracruz\u201d, expres\u00f3 Nahle Garc\u00eda, al se\u00f1alar que la escuela contribuir\u00e1 a elevar la calidad de los servicios tur\u00edsticos y a generar oportunidades para que las y los estudiantes puedan desarrollarse profesionalmente en el estado.<\/span><\/p>\n<p class=\"s7\"><span class=\"s4\">La primera generaci\u00f3n tiene un car\u00e1cter inclusivo e intergeneracional, al integrar j\u00f3venes reci\u00e9n egresados de bachillerato, personas de entre 35 y 65 a\u00f1os que buscan profesionalizar su experiencia y estudiantes con discapacidad motriz.<\/span><\/p>\n<p class=\"s7\"><span class=\"s4\">\u201cLa idea es que todos se queden aqu\u00ed\u201d, se\u00f1al\u00f3 la <\/span><span class=\"s4\">M<\/span><span class=\"s4\">andataria, al destacar que la preparaci\u00f3n debe traducirse en oportunidades laborales y, posteriormente, tambi\u00e9n en posibilidades de emprendimiento dentro del sector.<\/span><\/p>\n<p class=\"s7\"><span class=\"s4\">Como parte de los apoyos a la primera generaci\u00f3n, el Gobierno del Estado otorgar\u00e1 uniformes gratuitos y la instituci\u00f3n contar\u00e1 con un himno propio, como elementos de identidad para su comunidad estudiantil. Asimismo, tendr\u00e1 acceso a una colecci\u00f3n digital de m\u00e1s de 13 mil libros especializados en turismo de la Secretar\u00eda de Turismo federal.<\/span><\/p>\n<p class=\"s7\"><span class=\"s4\">La vinculaci\u00f3n con el sector productivo se fortalecer\u00e1 mediante el Consejo Acad\u00e9mico y el Consejo Consultivo, integrados por especialistas, hoteleros, restauranteros y representantes de empresas tur\u00edsticas, quienes participar\u00e1n en el acompa\u00f1amiento de la formaci\u00f3n profesional.<\/span><\/p>\n<p class=\"s7\"><span class=\"s4\">El secretario de Turismo, Igor <\/span><span class=\"s4\">Roj\u00ed<\/span><span class=\"s4\"> L\u00f3pez, destac\u00f3 que la profesionalizaci\u00f3n responde a la importancia econ\u00f3mica de esta actividad en Veracruz, que representa aproximadamente 11.5 por ciento del Producto Interno Bruto estatal y genera empleo para alrededor de 360 mil personas. El estado cuenta adem\u00e1s con m\u00e1s de 52 mil habitaciones hoteleras, cifra que lo coloca como la cuarta entidad del pa\u00eds con mayor n\u00famero de cuartos.<\/span><\/p>\n<p class=\"s7\"><span class=\"s4\">La escuela<\/span><span class=\"s4\">, encabezada por <\/span><span class=\"s4\">Ram\u00f3n Mart\u00ednez Gasca<\/span><span class=\"s4\">,<\/span><span class=\"s4\"> proyecta abrir una nueva generaci\u00f3n cada cuatro meses, hasta alcanzar una matr\u00edcula aproximada de 600 estudiantes, con el aprovechamiento de sus instalaciones y laboratorios.<\/span><\/p>\n<p class=\"s7\"><span class=\"s4\">Al acto asistieron la presidenta municipal de Boca del R\u00edo, Mar\u00eda Josefina Gamboa Torales; la presidenta municipal de Veracruz, Rosa Mar\u00eda Hern\u00e1ndez Espejo; la secretaria de Educaci\u00f3n de Veracruz, Raquel Bonilla Herrera; las diputadas<\/span> <span class=\"s4\">integrantes de la Comisi\u00f3n de Turismo del Congreso del<\/span> <span class=\"s4\">Estado, Nallely Mendoza Camarillo, Imelda Garrido Alvarado y Miriam Garc\u00eda<\/span> <span class=\"s4\">Guzm\u00e1n<\/span><a name=\"_GoBack\"><\/a><span class=\"s4\">, as\u00ed como<\/span><span class=\"s4\"> representantes del sector tur\u00edstico.<\/span><\/p>\n<p>&nbsp;<\/p>\n","protected":false},"excerpt":{"rendered":"<p>&gt;\u201cHoy se empieza a escribir una etapa m\u00e1s en el turismo de Veracruz\u201d. &gt;La instituci\u00f3n abrir\u00e1 una nueva generaci\u00f3n cada cuatro meses. Boca del R\u00edo, Ver., lunes 31 de agosto de 2026.- La gobernadora Roc\u00edo Nahle Garc\u00eda inaugur\u00f3 la Escuela Veracruzana de Servicios Tur\u00edsticos, proyecto planteado desde campa\u00f1a que hoy inicia con una primera generaci\u00f3n [&hellip;]<\/p>\n","protected":false},"author":1,"featured_media":31561,"comment_status":"open","ping_status":"open","sticky":false,"template":"","format":"standard","meta":{"pagelayer_contact_templates":[],"_pagelayer_content":"","footnotes":""},"categories":[84,118,44],"tags":[],"class_list":["post-31558","post","type-post","status-publish","format-standard","has-post-thumbnail","category-boca-del-rio","category-comunicados","category-estatal"],"_links":{"self":[{"href":"https:\/\/www.diarioholaveracruz.com.mx\/sitio\/wp-json\/wp\/v2\/posts\/31558","targetHints":{"allow":["GET"]}}],"collection":[{"href":"https:\/\/www.diarioholaveracruz.com.mx\/sitio\/wp-json\/wp\/v2\/posts"}],"about":[{"href":"https:\/\/www.diarioholaveracruz.com.mx\/sitio\/wp-json\/wp\/v2\/types\/post"}],"author":[{"embeddable":true,"href":"https:\/\/www.diarioholaveracruz.com.mx\/sitio\/wp-json\/wp\/v2\/users\/1"}],"replies":[{"embeddable":true,"href":"https:\/\/www.diarioholaveracruz.com.mx\/sitio\/wp-json\/wp\/v2\/comments?post=31558"}],"version-history":[{"count":1,"href":"https:\/\/www.diarioholaveracruz.com.mx\/sitio\/wp-json\/wp\/v2\/posts\/31558\/revisions"}],"predecessor-version":[{"id":31562,"href":"https:\/\/www.diarioholaveracruz.com.mx\/sitio\/wp-json\/wp\/v2\/posts\/31558\/revisions\/31562"}],"wp:featuredmedia":[{"embeddable":true,"href":"https:\/\/www.diarioholaveracruz.com.mx\/sitio\/wp-json\/wp\/v2\/media\/31561"}],"wp:attachment":[{"href":"https:\/\/www.diarioholaveracruz.com.mx\/sitio\/wp-json\/wp\/v2\/media?parent=31558"}],"wp:term":[{"taxonomy":"category","embeddable":true,"href":"https:\/\/www.diarioholaveracruz.com.mx\/sitio\/wp-json\/wp\/v2\/categories?post=31558"},{"taxonomy":"post_tag","embeddable":true,"href":"https:\/\/www.diarioholaveracruz.com.mx\/sitio\/wp-json\/wp\/v2\/tags?post=31558"}],"curies":[{"name":"wp","href":"https:\/\/api.w.org\/{rel}","templated":true}]}}