{"id":31589,"date":"2026-08-31T07:49:06","date_gmt":"2026-08-31T13:49:06","guid":{"rendered":"https:\/\/www.diarioholaveracruz.com.mx\/sitio\/?p=31589"},"modified":"2026-09-01T07:52:59","modified_gmt":"2026-09-01T13:52:59","slug":"dif-poza-rica-realiza-entrega-de-apoyo-alimentario","status":"publish","type":"post","link":"https:\/\/www.diarioholaveracruz.com.mx\/sitio\/dif-poza-rica-realiza-entrega-de-apoyo-alimentario\/","title":{"rendered":"DIF Poza Rica realiza entrega de apoyo alimentario."},"content":{"rendered":"<div id=\"diari-3039447322\" class=\"diari-antes-del-contenido diari-entity-placement\" style=\"margin-left: auto;margin-right: auto;text-align: center;\"><a href=\"https:\/\/www.ssaver.gob.mx\/\" aria-label=\"BANNER_315x500-px\"><img loading=\"lazy\" decoding=\"async\" src=\"https:\/\/www.diarioholaveracruz.com.mx\/sitio\/wp-content\/uploads\/2026\/05\/BANNER_315x500-px-1-scaled.png\" alt=\"\"  srcset=\"https:\/\/www.diarioholaveracruz.com.mx\/sitio\/wp-content\/uploads\/2026\/05\/BANNER_315x500-px-1-scaled.png 2560w, https:\/\/www.diarioholaveracruz.com.mx\/sitio\/wp-content\/uploads\/2026\/05\/BANNER_315x500-px-1-300x48.png 300w, https:\/\/www.diarioholaveracruz.com.mx\/sitio\/wp-content\/uploads\/2026\/05\/BANNER_315x500-px-1-1024x163.png 1024w, https:\/\/www.diarioholaveracruz.com.mx\/sitio\/wp-content\/uploads\/2026\/05\/BANNER_315x500-px-1-768x122.png 768w, https:\/\/www.diarioholaveracruz.com.mx\/sitio\/wp-content\/uploads\/2026\/05\/BANNER_315x500-px-1-1536x244.png 1536w, https:\/\/www.diarioholaveracruz.com.mx\/sitio\/wp-content\/uploads\/2026\/05\/BANNER_315x500-px-1-2048x326.png 2048w, https:\/\/www.diarioholaveracruz.com.mx\/sitio\/wp-content\/uploads\/2026\/05\/BANNER_315x500-px-1-860x137.png 860w, https:\/\/www.diarioholaveracruz.com.mx\/sitio\/wp-content\/uploads\/2026\/05\/BANNER_315x500-px-1-760x121.png 760w\" sizes=\"(max-width: 2560px) 100vw, 2560px\" width=\"800\" height=\"107\"   \/><\/a><\/div><p class=\"p1\">Poza Rica, Ver. \u2014 Como parte de las acciones permanentes para garantizar la seguridad alimentaria y el bienestar de las familias vulnerables de la ciudad, el Sistema Municipal para el Desarrollo Integral de la Familia de Poza Rica, llev\u00f3 a cabo la entrega mensual de despensas dirigidas a personas con discapacidad y a quienes padecen enfermedades cr\u00f3nico-degenerativas. En esta jornada, un total de 100 familias fueron beneficiadas con insumos alimenticios de primera necesidad, dise\u00f1ados para respaldar la econom\u00eda familiar y contribuir a la mejora de su calidad de vida.<\/p><div id=\"diari-1793906388\" class=\"diari-contenido diari-entity-placement\"><a href=\"https:\/\/www.veracruz.gob.mx\/seguridad\/denuncia-ciudadana-y-linea-de-emergencia\/\" aria-label=\"DENUNCIA BANNER 468 X 60\"><img loading=\"lazy\" decoding=\"async\" src=\"https:\/\/www.diarioholaveracruz.com.mx\/sitio\/wp-content\/uploads\/2026\/06\/DENUNCIA-BANNER-468-X-60.jpg\" alt=\"\"  srcset=\"https:\/\/www.diarioholaveracruz.com.mx\/sitio\/wp-content\/uploads\/2026\/06\/DENUNCIA-BANNER-468-X-60.jpg 1872w, https:\/\/www.diarioholaveracruz.com.mx\/sitio\/wp-content\/uploads\/2026\/06\/DENUNCIA-BANNER-468-X-60-300x38.jpg 300w, https:\/\/www.diarioholaveracruz.com.mx\/sitio\/wp-content\/uploads\/2026\/06\/DENUNCIA-BANNER-468-X-60-1024x131.jpg 1024w, https:\/\/www.diarioholaveracruz.com.mx\/sitio\/wp-content\/uploads\/2026\/06\/DENUNCIA-BANNER-468-X-60-768x98.jpg 768w, https:\/\/www.diarioholaveracruz.com.mx\/sitio\/wp-content\/uploads\/2026\/06\/DENUNCIA-BANNER-468-X-60-1536x197.jpg 1536w, https:\/\/www.diarioholaveracruz.com.mx\/sitio\/wp-content\/uploads\/2026\/06\/DENUNCIA-BANNER-468-X-60-860x110.jpg 860w, https:\/\/www.diarioholaveracruz.com.mx\/sitio\/wp-content\/uploads\/2026\/06\/DENUNCIA-BANNER-468-X-60-760x97.jpg 760w\" sizes=\"(max-width: 1872px) 100vw, 1872px\" width=\"1872\" height=\"240\"   \/><\/a><\/div>\n<p class=\"p1\">Durante el acto protocolario, la Presidenta del Organismo, la Sra. Concepci\u00f3n Rodr\u00edguez Rodr\u00edguez, destac\u00f3 la importancia de dar continuidad a estos apoyos de manera mensual. Asimismo, en su mensaje manifest\u00f3 que este logro es posible gracias al respaldo constante del Gobierno Municipal de Poza Rica, encabezado por la Licenciada Adanely Rodr\u00edguez.<\/p>\n<p class=\"p1\">Este programa reafirma nuestro compromiso con quienes m\u00e1s lo necesitan.<\/p>\n<p class=\"p1\">Trabajando en equipo con el Gobierno Municipal, aseguramos que la ayuda llegue de manera oportuna y digna a nuestros sectores m\u00e1s vulnerables, expres\u00f3 la Sra. Concepci\u00f3n Rodr\u00edguez Rodr\u00edguez.<\/p>\n<p class=\"p1\">Con estas acciones, el Sistema Municipal DIF y el Gobierno de Poza Rica reafirman su compromiso con la ciudadan\u00eda, garantizando una atenci\u00f3n prioritaria, equitativa e incluyente, transformando la asistencia social en una herramienta efectiva para mejorar la calidad de vida de las familias pozarricenses.<\/p>\n<p><img loading=\"lazy\" loading=\"lazy\" decoding=\"async\" class=\"alignnone size-full wp-image-31592\" src=\"https:\/\/www.diarioholaveracruz.com.mx\/sitio\/wp-content\/uploads\/2026\/09\/WhatsApp-Image-2026-08-31-at-19.21.41-4.jpeg\" alt=\"\" width=\"1195\" height=\"896\" srcset=\"https:\/\/www.diarioholaveracruz.com.mx\/sitio\/wp-content\/uploads\/2026\/09\/WhatsApp-Image-2026-08-31-at-19.21.41-4.jpeg 1195w, https:\/\/www.diarioholaveracruz.com.mx\/sitio\/wp-content\/uploads\/2026\/09\/WhatsApp-Image-2026-08-31-at-19.21.41-4-300x225.jpeg 300w, https:\/\/www.diarioholaveracruz.com.mx\/sitio\/wp-content\/uploads\/2026\/09\/WhatsApp-Image-2026-08-31-at-19.21.41-4-1024x768.jpeg 1024w, https:\/\/www.diarioholaveracruz.com.mx\/sitio\/wp-content\/uploads\/2026\/09\/WhatsApp-Image-2026-08-31-at-19.21.41-4-768x576.jpeg 768w, https:\/\/www.diarioholaveracruz.com.mx\/sitio\/wp-content\/uploads\/2026\/09\/WhatsApp-Image-2026-08-31-at-19.21.41-4-860x645.jpeg 860w, https:\/\/www.diarioholaveracruz.com.mx\/sitio\/wp-content\/uploads\/2026\/09\/WhatsApp-Image-2026-08-31-at-19.21.41-4-760x570.jpeg 760w\" sizes=\"auto, (max-width: 1195px) 100vw, 1195px\" \/> <img loading=\"lazy\" loading=\"lazy\" decoding=\"async\" class=\"alignnone size-full wp-image-31593\" src=\"https:\/\/www.diarioholaveracruz.com.mx\/sitio\/wp-content\/uploads\/2026\/09\/WhatsApp-Image-2026-08-31-at-19.21.41-2.jpeg\" alt=\"\" width=\"1280\" height=\"854\" srcset=\"https:\/\/www.diarioholaveracruz.com.mx\/sitio\/wp-content\/uploads\/2026\/09\/WhatsApp-Image-2026-08-31-at-19.21.41-2.jpeg 1280w, https:\/\/www.diarioholaveracruz.com.mx\/sitio\/wp-content\/uploads\/2026\/09\/WhatsApp-Image-2026-08-31-at-19.21.41-2-300x200.jpeg 300w, https:\/\/www.diarioholaveracruz.com.mx\/sitio\/wp-content\/uploads\/2026\/09\/WhatsApp-Image-2026-08-31-at-19.21.41-2-1024x683.jpeg 1024w, https:\/\/www.diarioholaveracruz.com.mx\/sitio\/wp-content\/uploads\/2026\/09\/WhatsApp-Image-2026-08-31-at-19.21.41-2-768x512.jpeg 768w, https:\/\/www.diarioholaveracruz.com.mx\/sitio\/wp-content\/uploads\/2026\/09\/WhatsApp-Image-2026-08-31-at-19.21.41-2-330x220.jpeg 330w, https:\/\/www.diarioholaveracruz.com.mx\/sitio\/wp-content\/uploads\/2026\/09\/WhatsApp-Image-2026-08-31-at-19.21.41-2-420x280.jpeg 420w, https:\/\/www.diarioholaveracruz.com.mx\/sitio\/wp-content\/uploads\/2026\/09\/WhatsApp-Image-2026-08-31-at-19.21.41-2-615x410.jpeg 615w, https:\/\/www.diarioholaveracruz.com.mx\/sitio\/wp-content\/uploads\/2026\/09\/WhatsApp-Image-2026-08-31-at-19.21.41-2-860x574.jpeg 860w, https:\/\/www.diarioholaveracruz.com.mx\/sitio\/wp-content\/uploads\/2026\/09\/WhatsApp-Image-2026-08-31-at-19.21.41-2-760x507.jpeg 760w\" sizes=\"auto, (max-width: 1280px) 100vw, 1280px\" \/> <img loading=\"lazy\" loading=\"lazy\" decoding=\"async\" class=\"alignnone size-full wp-image-31594\" src=\"https:\/\/www.diarioholaveracruz.com.mx\/sitio\/wp-content\/uploads\/2026\/09\/WhatsApp-Image-2026-08-31-at-19.21.41-3.jpeg\" alt=\"\" width=\"1280\" height=\"854\" srcset=\"https:\/\/www.diarioholaveracruz.com.mx\/sitio\/wp-content\/uploads\/2026\/09\/WhatsApp-Image-2026-08-31-at-19.21.41-3.jpeg 1280w, https:\/\/www.diarioholaveracruz.com.mx\/sitio\/wp-content\/uploads\/2026\/09\/WhatsApp-Image-2026-08-31-at-19.21.41-3-300x200.jpeg 300w, https:\/\/www.diarioholaveracruz.com.mx\/sitio\/wp-content\/uploads\/2026\/09\/WhatsApp-Image-2026-08-31-at-19.21.41-3-1024x683.jpeg 1024w, https:\/\/www.diarioholaveracruz.com.mx\/sitio\/wp-content\/uploads\/2026\/09\/WhatsApp-Image-2026-08-31-at-19.21.41-3-768x512.jpeg 768w, https:\/\/www.diarioholaveracruz.com.mx\/sitio\/wp-content\/uploads\/2026\/09\/WhatsApp-Image-2026-08-31-at-19.21.41-3-330x220.jpeg 330w, https:\/\/www.diarioholaveracruz.com.mx\/sitio\/wp-content\/uploads\/2026\/09\/WhatsApp-Image-2026-08-31-at-19.21.41-3-420x280.jpeg 420w, https:\/\/www.diarioholaveracruz.com.mx\/sitio\/wp-content\/uploads\/2026\/09\/WhatsApp-Image-2026-08-31-at-19.21.41-3-615x410.jpeg 615w, https:\/\/www.diarioholaveracruz.com.mx\/sitio\/wp-content\/uploads\/2026\/09\/WhatsApp-Image-2026-08-31-at-19.21.41-3-860x574.jpeg 860w, https:\/\/www.diarioholaveracruz.com.mx\/sitio\/wp-content\/uploads\/2026\/09\/WhatsApp-Image-2026-08-31-at-19.21.41-3-760x507.jpeg 760w\" sizes=\"auto, (max-width: 1280px) 100vw, 1280px\" \/> <img loading=\"lazy\" loading=\"lazy\" decoding=\"async\" class=\"alignnone size-full wp-image-31595\" src=\"https:\/\/www.diarioholaveracruz.com.mx\/sitio\/wp-content\/uploads\/2026\/09\/WhatsApp-Image-2026-08-31-at-19.21.41-1.jpeg\" alt=\"\" width=\"1280\" height=\"854\" srcset=\"https:\/\/www.diarioholaveracruz.com.mx\/sitio\/wp-content\/uploads\/2026\/09\/WhatsApp-Image-2026-08-31-at-19.21.41-1.jpeg 1280w, https:\/\/www.diarioholaveracruz.com.mx\/sitio\/wp-content\/uploads\/2026\/09\/WhatsApp-Image-2026-08-31-at-19.21.41-1-300x200.jpeg 300w, https:\/\/www.diarioholaveracruz.com.mx\/sitio\/wp-content\/uploads\/2026\/09\/WhatsApp-Image-2026-08-31-at-19.21.41-1-1024x683.jpeg 1024w, https:\/\/www.diarioholaveracruz.com.mx\/sitio\/wp-content\/uploads\/2026\/09\/WhatsApp-Image-2026-08-31-at-19.21.41-1-768x512.jpeg 768w, https:\/\/www.diarioholaveracruz.com.mx\/sitio\/wp-content\/uploads\/2026\/09\/WhatsApp-Image-2026-08-31-at-19.21.41-1-330x220.jpeg 330w, https:\/\/www.diarioholaveracruz.com.mx\/sitio\/wp-content\/uploads\/2026\/09\/WhatsApp-Image-2026-08-31-at-19.21.41-1-420x280.jpeg 420w, https:\/\/www.diarioholaveracruz.com.mx\/sitio\/wp-content\/uploads\/2026\/09\/WhatsApp-Image-2026-08-31-at-19.21.41-1-615x410.jpeg 615w, https:\/\/www.diarioholaveracruz.com.mx\/sitio\/wp-content\/uploads\/2026\/09\/WhatsApp-Image-2026-08-31-at-19.21.41-1-860x574.jpeg 860w, https:\/\/www.diarioholaveracruz.com.mx\/sitio\/wp-content\/uploads\/2026\/09\/WhatsApp-Image-2026-08-31-at-19.21.41-1-760x507.jpeg 760w\" sizes=\"auto, (max-width: 1280px) 100vw, 1280px\" \/> <img loading=\"lazy\" loading=\"lazy\" decoding=\"async\" class=\"alignnone size-full wp-image-31596\" src=\"https:\/\/www.diarioholaveracruz.com.mx\/sitio\/wp-content\/uploads\/2026\/09\/WhatsApp-Image-2026-08-31-at-19.21.41.jpeg\" alt=\"\" width=\"1280\" height=\"924\" srcset=\"https:\/\/www.diarioholaveracruz.com.mx\/sitio\/wp-content\/uploads\/2026\/09\/WhatsApp-Image-2026-08-31-at-19.21.41.jpeg 1280w, https:\/\/www.diarioholaveracruz.com.mx\/sitio\/wp-content\/uploads\/2026\/09\/WhatsApp-Image-2026-08-31-at-19.21.41-300x217.jpeg 300w, https:\/\/www.diarioholaveracruz.com.mx\/sitio\/wp-content\/uploads\/2026\/09\/WhatsApp-Image-2026-08-31-at-19.21.41-1024x739.jpeg 1024w, https:\/\/www.diarioholaveracruz.com.mx\/sitio\/wp-content\/uploads\/2026\/09\/WhatsApp-Image-2026-08-31-at-19.21.41-768x554.jpeg 768w, https:\/\/www.diarioholaveracruz.com.mx\/sitio\/wp-content\/uploads\/2026\/09\/WhatsApp-Image-2026-08-31-at-19.21.41-860x621.jpeg 860w, https:\/\/www.diarioholaveracruz.com.mx\/sitio\/wp-content\/uploads\/2026\/09\/WhatsApp-Image-2026-08-31-at-19.21.41-760x549.jpeg 760w\" sizes=\"auto, (max-width: 1280px) 100vw, 1280px\" \/><\/p>\n","protected":false},"excerpt":{"rendered":"<p>Poza Rica, Ver. \u2014 Como parte de las acciones permanentes para garantizar la seguridad alimentaria y el bienestar de las familias vulnerables de la ciudad, el Sistema Municipal para el Desarrollo Integral de la Familia de Poza Rica, llev\u00f3 a cabo la entrega mensual de despensas dirigidas a personas con discapacidad y a quienes padecen [&hellip;]<\/p>\n","protected":false},"author":1,"featured_media":31595,"comment_status":"open","ping_status":"open","sticky":false,"template":"","format":"standard","meta":{"pagelayer_contact_templates":[],"_pagelayer_content":"","footnotes":""},"categories":[121,45],"tags":[],"class_list":["post-31589","post","type-post","status-publish","format-standard","has-post-thumbnail","category-comunicado-local","category-poza_rica"],"_links":{"self":[{"href":"https:\/\/www.diarioholaveracruz.com.mx\/sitio\/wp-json\/wp\/v2\/posts\/31589","targetHints":{"allow":["GET"]}}],"collection":[{"href":"https:\/\/www.diarioholaveracruz.com.mx\/sitio\/wp-json\/wp\/v2\/posts"}],"about":[{"href":"https:\/\/www.diarioholaveracruz.com.mx\/sitio\/wp-json\/wp\/v2\/types\/post"}],"author":[{"embeddable":true,"href":"https:\/\/www.diarioholaveracruz.com.mx\/sitio\/wp-json\/wp\/v2\/users\/1"}],"replies":[{"embeddable":true,"href":"https:\/\/www.diarioholaveracruz.com.mx\/sitio\/wp-json\/wp\/v2\/comments?post=31589"}],"version-history":[{"count":1,"href":"https:\/\/www.diarioholaveracruz.com.mx\/sitio\/wp-json\/wp\/v2\/posts\/31589\/revisions"}],"predecessor-version":[{"id":31597,"href":"https:\/\/www.diarioholaveracruz.com.mx\/sitio\/wp-json\/wp\/v2\/posts\/31589\/revisions\/31597"}],"wp:featuredmedia":[{"embeddable":true,"href":"https:\/\/www.diarioholaveracruz.com.mx\/sitio\/wp-json\/wp\/v2\/media\/31595"}],"wp:attachment":[{"href":"https:\/\/www.diarioholaveracruz.com.mx\/sitio\/wp-json\/wp\/v2\/media?parent=31589"}],"wp:term":[{"taxonomy":"category","embeddable":true,"href":"https:\/\/www.diarioholaveracruz.com.mx\/sitio\/wp-json\/wp\/v2\/categories?post=31589"},{"taxonomy":"post_tag","embeddable":true,"href":"https:\/\/www.diarioholaveracruz.com.mx\/sitio\/wp-json\/wp\/v2\/tags?post=31589"}],"curies":[{"name":"wp","href":"https:\/\/api.w.org\/{rel}","templated":true}]}}