{"id":31669,"date":"2026-09-01T20:23:02","date_gmt":"2026-09-02T02:23:02","guid":{"rendered":"https:\/\/www.diarioholaveracruz.com.mx\/sitio\/?p=31669"},"modified":"2026-09-01T20:23:02","modified_gmt":"2026-09-02T02:23:02","slug":"gobierno-de-veracruz-realiza-guardias-de-honor-por-el-216-aniversario-del-inicio-de-la-independencia-de-mexico","status":"publish","type":"post","link":"https:\/\/www.diarioholaveracruz.com.mx\/sitio\/gobierno-de-veracruz-realiza-guardias-de-honor-por-el-216-aniversario-del-inicio-de-la-independencia-de-mexico\/","title":{"rendered":"Gobierno de Veracruz realiza Guardias de Honor por el 216 aniversario del inicio de la Independencia de M\u00e9xico"},"content":{"rendered":"<div id=\"diari-2500825992\" class=\"diari-antes-del-contenido diari-entity-placement\" style=\"margin-left: auto;margin-right: auto;text-align: center;\"><a href=\"https:\/\/www.ssaver.gob.mx\/\" aria-label=\"BANNER_315x500-px\"><img loading=\"lazy\" decoding=\"async\" src=\"https:\/\/www.diarioholaveracruz.com.mx\/sitio\/wp-content\/uploads\/2026\/05\/BANNER_315x500-px-1-scaled.png\" alt=\"\"  srcset=\"https:\/\/www.diarioholaveracruz.com.mx\/sitio\/wp-content\/uploads\/2026\/05\/BANNER_315x500-px-1-scaled.png 2560w, https:\/\/www.diarioholaveracruz.com.mx\/sitio\/wp-content\/uploads\/2026\/05\/BANNER_315x500-px-1-300x48.png 300w, https:\/\/www.diarioholaveracruz.com.mx\/sitio\/wp-content\/uploads\/2026\/05\/BANNER_315x500-px-1-1024x163.png 1024w, https:\/\/www.diarioholaveracruz.com.mx\/sitio\/wp-content\/uploads\/2026\/05\/BANNER_315x500-px-1-768x122.png 768w, https:\/\/www.diarioholaveracruz.com.mx\/sitio\/wp-content\/uploads\/2026\/05\/BANNER_315x500-px-1-1536x244.png 1536w, https:\/\/www.diarioholaveracruz.com.mx\/sitio\/wp-content\/uploads\/2026\/05\/BANNER_315x500-px-1-2048x326.png 2048w, https:\/\/www.diarioholaveracruz.com.mx\/sitio\/wp-content\/uploads\/2026\/05\/BANNER_315x500-px-1-860x137.png 860w, https:\/\/www.diarioholaveracruz.com.mx\/sitio\/wp-content\/uploads\/2026\/05\/BANNER_315x500-px-1-760x121.png 760w\" sizes=\"(max-width: 2560px) 100vw, 2560px\" width=\"800\" height=\"107\"   \/><\/a><\/div><p class=\"s9\"><span class=\"s11\">&gt;Destaca<\/span><span class=\"s11\"> SEGOB<\/span><a name=\"_GoBack\"><\/a><span class=\"s11\"> la honestidad, \u00e9tica y compromiso <\/span><span class=\"s11\">de quienes trabajan por Veracruz.<\/span><span class=\"s7\">\u00a0<\/span><\/p><div id=\"diari-3090192849\" class=\"diari-contenido diari-entity-placement\"><a href=\"https:\/\/www.veracruz.gob.mx\/seguridad\/denuncia-ciudadana-y-linea-de-emergencia\/\" aria-label=\"DENUNCIA BANNER 468 X 60\"><img loading=\"lazy\" decoding=\"async\" src=\"https:\/\/www.diarioholaveracruz.com.mx\/sitio\/wp-content\/uploads\/2026\/06\/DENUNCIA-BANNER-468-X-60.jpg\" alt=\"\"  srcset=\"https:\/\/www.diarioholaveracruz.com.mx\/sitio\/wp-content\/uploads\/2026\/06\/DENUNCIA-BANNER-468-X-60.jpg 1872w, https:\/\/www.diarioholaveracruz.com.mx\/sitio\/wp-content\/uploads\/2026\/06\/DENUNCIA-BANNER-468-X-60-300x38.jpg 300w, https:\/\/www.diarioholaveracruz.com.mx\/sitio\/wp-content\/uploads\/2026\/06\/DENUNCIA-BANNER-468-X-60-1024x131.jpg 1024w, https:\/\/www.diarioholaveracruz.com.mx\/sitio\/wp-content\/uploads\/2026\/06\/DENUNCIA-BANNER-468-X-60-768x98.jpg 768w, https:\/\/www.diarioholaveracruz.com.mx\/sitio\/wp-content\/uploads\/2026\/06\/DENUNCIA-BANNER-468-X-60-1536x197.jpg 1536w, https:\/\/www.diarioholaveracruz.com.mx\/sitio\/wp-content\/uploads\/2026\/06\/DENUNCIA-BANNER-468-X-60-860x110.jpg 860w, https:\/\/www.diarioholaveracruz.com.mx\/sitio\/wp-content\/uploads\/2026\/06\/DENUNCIA-BANNER-468-X-60-760x97.jpg 760w\" sizes=\"(max-width: 1872px) 100vw, 1872px\" width=\"1872\" height=\"240\"   \/><\/a><\/div>\n<p class=\"s9\"><span class=\"s7\">Xalapa, Ver., <\/span><span class=\"s7\">martes <\/span><span class=\"s7\">1 de septiembre de 2026.-<\/span><span class=\"s12\">\u00a0<\/span><span class=\"s12\">En el marco del 216 aniversario de la Independencia de M\u00e9xico, la Secretar\u00eda de Gobierno realiz\u00f3 la primera Guardia de Honor ante el monumento dedicado a Miguel Hidalgo y Costilla, <\/span><span class=\"s12\">para conmemorar a quienes hicieron posible una naci\u00f3n libre y soberana, as\u00ed como refrendar el compromiso de las instituciones con los valores de unidad, respeto y servicio.<\/span><\/p>\n<p class=\"s9\"><span class=\"s12\">En su mensaje,<\/span><span class=\"s12\"> el titular de la dependencia, Ricardo <\/span><span class=\"s12\">Ahued<\/span> <span class=\"s12\">Bardahuil<\/span><span class=\"s12\">, <\/span><span class=\"s12\">destac\u00f3 la relevancia hist\u00f3rica de Veracruz durante el proceso independentista, particularmente por la firma de los Tratados de C\u00f3rdoba, en 1821, y por el papel que desempe\u00f1\u00f3 l<\/span><span class=\"s12\">a fortaleza de San Juan de Ul\u00faa.<\/span><\/p>\n<p class=\"s9\"><span class=\"s12\">S<\/span><span class=\"s12\">ubray\u00f3 que M\u00e9xico y Veracruz viven un momento hist\u00f3rico al contar con mujeres al frente de los gob<\/span><span class=\"s12\">iernos federal y estatal: <\/span><span class=\"s12\">la presidenta <\/span><span class=\"s12\">Claudia Sheinbaum Pardo<\/span><span class=\"s12\"> y la gobernadora Roc\u00edo Nahle Garc\u00eda, cuya labor representa<\/span> <span class=\"s12\">una nueva etapa de participaci\u00f3n y transformaci\u00f3n en la vida p\u00fablica.<\/span><\/p>\n<p class=\"s9\"><span class=\"s12\">\u201cSu trabajo, su incansable labor y su esp\u00edritu de mujer servid<\/span><span class=\"s12\">ora p\u00fablica, nos recuerda que <\/span><span class=\"s12\">la verdadera independencia se ref<\/span><span class=\"s12\">renda sirviendo con integridad a las y los veracruzanos. <\/span><span class=\"s12\">N<\/span><span class=\"s12\">uestra naci\u00f3n hoy <\/span><span class=\"s12\">m\u00e1s que nunca requiere de una <\/span><span class=\"s12\">sociedad basada<\/span><span class=\"s12\"> en valores<\/span><span class=\"s12\">, respeto ent<\/span><span class=\"s12\">re todas y todos los sectores, una sociedad que reclama <\/span><span class=\"s12\">servidores p\u00fablicos con honestidad, humildad<\/span><span class=\"s12\">, \u00e9tica y vocaci\u00f3n de servicio<\/span><span class=\"s12\">.<\/span><span class=\"s12\">\u00a0<\/span><\/p>\n<p class=\"s9\"><span class=\"s12\">Durante la ceremonia se rindieron honores a los s\u00edmbolos patrios y se record\u00f3 a las mujeres y hombres que hicieron posible la Independencia de M\u00e9xico, entre ellos Miguel Hidalgo y Costilla, Ignacio Allende, Juan Aldama, Jos\u00e9 Mar\u00eda Morelos, Leona Vicario, Josefa Ortiz de Dom\u00ednguez, Guadalupe Victoria y Vicente Guerrero, quienes contribuyeron a sentar las bases de una naci\u00f3n libre y soberana.<\/span><\/p>\n<p class=\"s9\"><span class=\"s12\">En el pres\u00eddium estuvieron presentes el coordinador estatal de la Guardia Nacional en Veracruz, Roberto Bernal Ben\u00edtez; el jefe de Estado Mayor de la 26\/a Zona Militar, Adalberto Vargas Rivera; el comandante de la Primera Regi\u00f3n Naval, Ramiro Lobato Camacho; el subsecretario de Gobi<\/span><span class=\"s12\">erno, Jos\u00e9 Manuel Pozos Castro <\/span><span class=\"s12\">y la subsecretaria Jur\u00eddica y de Asuntos Legislativos, Mart<\/span><span class=\"s12\">ha Patricia Hern\u00e1ndez Guti\u00e9rrez, adem\u00e1s de <\/span><span class=\"s12\">directoras y directores de la S<\/span><span class=\"s12\">ecretar\u00eda de Gobierno.<\/span><\/p>\n<p><img loading=\"lazy\" loading=\"lazy\" decoding=\"async\" class=\"alignnone size-full wp-image-31674\" src=\"https:\/\/www.diarioholaveracruz.com.mx\/sitio\/wp-content\/uploads\/2026\/09\/WhatsApp-Image-2026-09-01-at-17.13.45-2.jpeg\" alt=\"\" width=\"1242\" height=\"1599\" srcset=\"https:\/\/www.diarioholaveracruz.com.mx\/sitio\/wp-content\/uploads\/2026\/09\/WhatsApp-Image-2026-09-01-at-17.13.45-2.jpeg 1242w, https:\/\/www.diarioholaveracruz.com.mx\/sitio\/wp-content\/uploads\/2026\/09\/WhatsApp-Image-2026-09-01-at-17.13.45-2-233x300.jpeg 233w, https:\/\/www.diarioholaveracruz.com.mx\/sitio\/wp-content\/uploads\/2026\/09\/WhatsApp-Image-2026-09-01-at-17.13.45-2-795x1024.jpeg 795w, https:\/\/www.diarioholaveracruz.com.mx\/sitio\/wp-content\/uploads\/2026\/09\/WhatsApp-Image-2026-09-01-at-17.13.45-2-768x989.jpeg 768w, https:\/\/www.diarioholaveracruz.com.mx\/sitio\/wp-content\/uploads\/2026\/09\/WhatsApp-Image-2026-09-01-at-17.13.45-2-1193x1536.jpeg 1193w, https:\/\/www.diarioholaveracruz.com.mx\/sitio\/wp-content\/uploads\/2026\/09\/WhatsApp-Image-2026-09-01-at-17.13.45-2-860x1107.jpeg 860w, https:\/\/www.diarioholaveracruz.com.mx\/sitio\/wp-content\/uploads\/2026\/09\/WhatsApp-Image-2026-09-01-at-17.13.45-2-760x978.jpeg 760w\" sizes=\"auto, (max-width: 1242px) 100vw, 1242px\" \/> <img loading=\"lazy\" loading=\"lazy\" decoding=\"async\" class=\"alignnone size-full wp-image-31675\" src=\"https:\/\/www.diarioholaveracruz.com.mx\/sitio\/wp-content\/uploads\/2026\/09\/WhatsApp-Image-2026-09-01-at-17.13.45-1.jpeg\" alt=\"\" width=\"2560\" height=\"1704\" srcset=\"https:\/\/www.diarioholaveracruz.com.mx\/sitio\/wp-content\/uploads\/2026\/09\/WhatsApp-Image-2026-09-01-at-17.13.45-1.jpeg 2560w, https:\/\/www.diarioholaveracruz.com.mx\/sitio\/wp-content\/uploads\/2026\/09\/WhatsApp-Image-2026-09-01-at-17.13.45-1-300x200.jpeg 300w, https:\/\/www.diarioholaveracruz.com.mx\/sitio\/wp-content\/uploads\/2026\/09\/WhatsApp-Image-2026-09-01-at-17.13.45-1-1024x682.jpeg 1024w, https:\/\/www.diarioholaveracruz.com.mx\/sitio\/wp-content\/uploads\/2026\/09\/WhatsApp-Image-2026-09-01-at-17.13.45-1-768x511.jpeg 768w, https:\/\/www.diarioholaveracruz.com.mx\/sitio\/wp-content\/uploads\/2026\/09\/WhatsApp-Image-2026-09-01-at-17.13.45-1-1536x1022.jpeg 1536w, https:\/\/www.diarioholaveracruz.com.mx\/sitio\/wp-content\/uploads\/2026\/09\/WhatsApp-Image-2026-09-01-at-17.13.45-1-2048x1363.jpeg 2048w, https:\/\/www.diarioholaveracruz.com.mx\/sitio\/wp-content\/uploads\/2026\/09\/WhatsApp-Image-2026-09-01-at-17.13.45-1-330x220.jpeg 330w, https:\/\/www.diarioholaveracruz.com.mx\/sitio\/wp-content\/uploads\/2026\/09\/WhatsApp-Image-2026-09-01-at-17.13.45-1-420x280.jpeg 420w, https:\/\/www.diarioholaveracruz.com.mx\/sitio\/wp-content\/uploads\/2026\/09\/WhatsApp-Image-2026-09-01-at-17.13.45-1-615x410.jpeg 615w, https:\/\/www.diarioholaveracruz.com.mx\/sitio\/wp-content\/uploads\/2026\/09\/WhatsApp-Image-2026-09-01-at-17.13.45-1-860x572.jpeg 860w, https:\/\/www.diarioholaveracruz.com.mx\/sitio\/wp-content\/uploads\/2026\/09\/WhatsApp-Image-2026-09-01-at-17.13.45-1-760x506.jpeg 760w\" sizes=\"auto, (max-width: 2560px) 100vw, 2560px\" \/> <img loading=\"lazy\" loading=\"lazy\" decoding=\"async\" class=\"alignnone size-full wp-image-31676\" src=\"https:\/\/www.diarioholaveracruz.com.mx\/sitio\/wp-content\/uploads\/2026\/09\/WhatsApp-Image-2026-09-01-at-17.13.45.jpeg\" alt=\"\" width=\"2560\" height=\"1992\" srcset=\"https:\/\/www.diarioholaveracruz.com.mx\/sitio\/wp-content\/uploads\/2026\/09\/WhatsApp-Image-2026-09-01-at-17.13.45.jpeg 2560w, https:\/\/www.diarioholaveracruz.com.mx\/sitio\/wp-content\/uploads\/2026\/09\/WhatsApp-Image-2026-09-01-at-17.13.45-300x233.jpeg 300w, https:\/\/www.diarioholaveracruz.com.mx\/sitio\/wp-content\/uploads\/2026\/09\/WhatsApp-Image-2026-09-01-at-17.13.45-1024x797.jpeg 1024w, https:\/\/www.diarioholaveracruz.com.mx\/sitio\/wp-content\/uploads\/2026\/09\/WhatsApp-Image-2026-09-01-at-17.13.45-768x598.jpeg 768w, https:\/\/www.diarioholaveracruz.com.mx\/sitio\/wp-content\/uploads\/2026\/09\/WhatsApp-Image-2026-09-01-at-17.13.45-1536x1195.jpeg 1536w, https:\/\/www.diarioholaveracruz.com.mx\/sitio\/wp-content\/uploads\/2026\/09\/WhatsApp-Image-2026-09-01-at-17.13.45-2048x1594.jpeg 2048w, https:\/\/www.diarioholaveracruz.com.mx\/sitio\/wp-content\/uploads\/2026\/09\/WhatsApp-Image-2026-09-01-at-17.13.45-860x669.jpeg 860w, https:\/\/www.diarioholaveracruz.com.mx\/sitio\/wp-content\/uploads\/2026\/09\/WhatsApp-Image-2026-09-01-at-17.13.45-760x591.jpeg 760w\" sizes=\"auto, (max-width: 2560px) 100vw, 2560px\" \/><\/p>\n","protected":false},"excerpt":{"rendered":"<p>&gt;Destaca SEGOB la honestidad, \u00e9tica y compromiso de quienes trabajan por Veracruz.\u00a0 Xalapa, Ver., martes 1 de septiembre de 2026.-\u00a0En el marco del 216 aniversario de la Independencia de M\u00e9xico, la Secretar\u00eda de Gobierno realiz\u00f3 la primera Guardia de Honor ante el monumento dedicado a Miguel Hidalgo y Costilla, para conmemorar a quienes hicieron posible [&hellip;]<\/p>\n","protected":false},"author":1,"featured_media":31676,"comment_status":"open","ping_status":"open","sticky":false,"template":"","format":"standard","meta":{"pagelayer_contact_templates":[],"_pagelayer_content":"","footnotes":""},"categories":[118,44,85],"tags":[],"class_list":["post-31669","post","type-post","status-publish","format-standard","has-post-thumbnail","category-comunicados","category-estatal","category-xalapa"],"_links":{"self":[{"href":"https:\/\/www.diarioholaveracruz.com.mx\/sitio\/wp-json\/wp\/v2\/posts\/31669","targetHints":{"allow":["GET"]}}],"collection":[{"href":"https:\/\/www.diarioholaveracruz.com.mx\/sitio\/wp-json\/wp\/v2\/posts"}],"about":[{"href":"https:\/\/www.diarioholaveracruz.com.mx\/sitio\/wp-json\/wp\/v2\/types\/post"}],"author":[{"embeddable":true,"href":"https:\/\/www.diarioholaveracruz.com.mx\/sitio\/wp-json\/wp\/v2\/users\/1"}],"replies":[{"embeddable":true,"href":"https:\/\/www.diarioholaveracruz.com.mx\/sitio\/wp-json\/wp\/v2\/comments?post=31669"}],"version-history":[{"count":1,"href":"https:\/\/www.diarioholaveracruz.com.mx\/sitio\/wp-json\/wp\/v2\/posts\/31669\/revisions"}],"predecessor-version":[{"id":31677,"href":"https:\/\/www.diarioholaveracruz.com.mx\/sitio\/wp-json\/wp\/v2\/posts\/31669\/revisions\/31677"}],"wp:featuredmedia":[{"embeddable":true,"href":"https:\/\/www.diarioholaveracruz.com.mx\/sitio\/wp-json\/wp\/v2\/media\/31676"}],"wp:attachment":[{"href":"https:\/\/www.diarioholaveracruz.com.mx\/sitio\/wp-json\/wp\/v2\/media?parent=31669"}],"wp:term":[{"taxonomy":"category","embeddable":true,"href":"https:\/\/www.diarioholaveracruz.com.mx\/sitio\/wp-json\/wp\/v2\/categories?post=31669"},{"taxonomy":"post_tag","embeddable":true,"href":"https:\/\/www.diarioholaveracruz.com.mx\/sitio\/wp-json\/wp\/v2\/tags?post=31669"}],"curies":[{"name":"wp","href":"https:\/\/api.w.org\/{rel}","templated":true}]}}