{"id":31737,"date":"2026-09-02T19:52:19","date_gmt":"2026-09-03T01:52:19","guid":{"rendered":"https:\/\/www.diarioholaveracruz.com.mx\/sitio\/?p=31737"},"modified":"2026-09-02T19:52:19","modified_gmt":"2026-09-03T01:52:19","slug":"invita-secver-a-la-xii-edicion-del-motofest-en-playas-de-tecolutla","status":"publish","type":"post","link":"https:\/\/www.diarioholaveracruz.com.mx\/sitio\/invita-secver-a-la-xii-edicion-del-motofest-en-playas-de-tecolutla\/","title":{"rendered":"Invita SECVER a la XII edici\u00f3n del MotoFest, en playas de Tecolutla"},"content":{"rendered":"<div id=\"diari-4044199062\" class=\"diari-antes-del-contenido diari-entity-placement\" style=\"margin-left: auto;margin-right: auto;text-align: center;\"><a href=\"https:\/\/www.ssaver.gob.mx\/\" aria-label=\"BANNER_315x500-px\"><img loading=\"lazy\" decoding=\"async\" src=\"https:\/\/www.diarioholaveracruz.com.mx\/sitio\/wp-content\/uploads\/2026\/05\/BANNER_315x500-px-1-scaled.png\" alt=\"\"  srcset=\"https:\/\/www.diarioholaveracruz.com.mx\/sitio\/wp-content\/uploads\/2026\/05\/BANNER_315x500-px-1-scaled.png 2560w, https:\/\/www.diarioholaveracruz.com.mx\/sitio\/wp-content\/uploads\/2026\/05\/BANNER_315x500-px-1-300x48.png 300w, https:\/\/www.diarioholaveracruz.com.mx\/sitio\/wp-content\/uploads\/2026\/05\/BANNER_315x500-px-1-1024x163.png 1024w, https:\/\/www.diarioholaveracruz.com.mx\/sitio\/wp-content\/uploads\/2026\/05\/BANNER_315x500-px-1-768x122.png 768w, https:\/\/www.diarioholaveracruz.com.mx\/sitio\/wp-content\/uploads\/2026\/05\/BANNER_315x500-px-1-1536x244.png 1536w, https:\/\/www.diarioholaveracruz.com.mx\/sitio\/wp-content\/uploads\/2026\/05\/BANNER_315x500-px-1-2048x326.png 2048w, https:\/\/www.diarioholaveracruz.com.mx\/sitio\/wp-content\/uploads\/2026\/05\/BANNER_315x500-px-1-860x137.png 860w, https:\/\/www.diarioholaveracruz.com.mx\/sitio\/wp-content\/uploads\/2026\/05\/BANNER_315x500-px-1-760x121.png 760w\" sizes=\"(max-width: 2560px) 100vw, 2560px\" width=\"800\" height=\"107\"   \/><\/a><\/div><p class=\"s8\"><span class=\"s9\">&gt;Encabeza la cartelera art\u00edstica El Gran Silencio<\/span><span class=\"s9\">.<\/span><\/p><div id=\"diari-1441677240\" class=\"diari-contenido diari-entity-placement\"><a href=\"https:\/\/www.veracruz.gob.mx\/seguridad\/denuncia-ciudadana-y-linea-de-emergencia\/\" aria-label=\"DENUNCIA BANNER 468 X 60\"><img loading=\"lazy\" decoding=\"async\" src=\"https:\/\/www.diarioholaveracruz.com.mx\/sitio\/wp-content\/uploads\/2026\/06\/DENUNCIA-BANNER-468-X-60.jpg\" alt=\"\"  srcset=\"https:\/\/www.diarioholaveracruz.com.mx\/sitio\/wp-content\/uploads\/2026\/06\/DENUNCIA-BANNER-468-X-60.jpg 1872w, https:\/\/www.diarioholaveracruz.com.mx\/sitio\/wp-content\/uploads\/2026\/06\/DENUNCIA-BANNER-468-X-60-300x38.jpg 300w, https:\/\/www.diarioholaveracruz.com.mx\/sitio\/wp-content\/uploads\/2026\/06\/DENUNCIA-BANNER-468-X-60-1024x131.jpg 1024w, https:\/\/www.diarioholaveracruz.com.mx\/sitio\/wp-content\/uploads\/2026\/06\/DENUNCIA-BANNER-468-X-60-768x98.jpg 768w, https:\/\/www.diarioholaveracruz.com.mx\/sitio\/wp-content\/uploads\/2026\/06\/DENUNCIA-BANNER-468-X-60-1536x197.jpg 1536w, https:\/\/www.diarioholaveracruz.com.mx\/sitio\/wp-content\/uploads\/2026\/06\/DENUNCIA-BANNER-468-X-60-860x110.jpg 860w, https:\/\/www.diarioholaveracruz.com.mx\/sitio\/wp-content\/uploads\/2026\/06\/DENUNCIA-BANNER-468-X-60-760x97.jpg 760w\" sizes=\"(max-width: 1872px) 100vw, 1872px\" width=\"1872\" height=\"240\"   \/><\/a><\/div>\n<p class=\"s8\"><span class=\"s7\">Xalapa, Ver., martes 1 de septiembre de 2026.- <\/span><span class=\"s9\">La Secretar\u00eda de Cultura de Veracruz (SECVER) y el Ayuntamiento de Tecolutla invitan a la XII edici\u00f3n del <\/span><a name=\"_GoBack\"><\/a><span class=\"s9\">MotoFest Navajos 2026<\/span><span class=\"s9\">, encuentro en torno al estilo de vida motociclista que se llevar\u00e1 a cabo del 3 al 5 de septiembre, en el bulevar Paseo de Las Palmas y playas de Tecolutla.<\/span><\/p>\n<p class=\"s8\"><span class=\"s9\">Desde 2014, gracias a la iniciativa de Navajos Motoclub, agrupaci\u00f3n de motociclistas mexicanos, este encuentro se ha posicionado como un espacio que celebra la libertad y la aventura, al congregar anualmente a entusiastas de las dos ruedas para compartir experiencias frente al mar veracruzano.<\/span><span class=\"s9\">\u00a0<\/span><\/p>\n<p class=\"s8\"><span class=\"s9\">La organizaci\u00f3n tambi\u00e9n destaca por sus campa\u00f1as de respeto a la naturaleza y seguridad vial dirigidas a la comunidad motera, mediante la difusi\u00f3n de recomendaciones para una conducci\u00f3n segura y el uso de equipo de protecci\u00f3n, con el prop\u00f3sito de fomentar una cultura de respeto y orden vial.<\/span><\/p>\n<p class=\"s8\"><span class=\"s9\">El programa ofrece a los visitantes un ambiente de fraternidad y camarader\u00eda, con muestras de veh\u00edculos personalizados, recorridos por rutas locales, conciertos, actividades nocturnas y diversos atractivos para el disfrute de las agrupaciones de motociclismo.<\/span><\/p>\n<p class=\"s8\"><span class=\"s9\">En el apartado art\u00edstico destaca la participaci\u00f3n estelar de El Gran Silencio, adem\u00e1s de bandas de metal, rock, salsa y ska, como Vermiz, Shiva Rock, Chino y su Gala, Super Babys, Kotardo, Las Almaz, Coolpables, Luci\u00e9rnagas y Rumba Calle.<\/span><\/p>\n<p class=\"s8\"><span class=\"s9\">Asimismo, se realizar\u00e1 una ruta Off-Road el s\u00e1bado 5 de septiembre, a las 10:00 horas, con salida desde el bulevar Paseo de Las Palmas y destino a la playa Boca de Lima.<\/span><\/p>\n<p class=\"s8\"><span class=\"s9\">Para complementar esta experiencia, el p\u00fablico podr\u00e1 disfrutar de los paisajes naturales que distinguen a esta zona costera, en un ambiente de sana convivencia entre amigos y compa\u00f1eros de viaje.<\/span><\/p>\n<p class=\"s8\"><span class=\"s9\">Conoce m\u00e1s informaci\u00f3n sobre esta y otras actividades del recinto a trav\u00e9s de las redes sociales <\/span><span class=\"s9\">@Ayuntamiento-de-Tecolutla-2026-2029 y @Motofestnavajos<\/span><span class=\"s9\">, adem\u00e1s de<\/span><span class=\"s9\">seguir<\/span><span class=\"s9\"> la cuenta de la @SECVERoficial para conocer todas las actividades que confirman por qu\u00e9 Veracruz est\u00e1 de Moda.<\/span><\/p>\n<p><img loading=\"lazy\" loading=\"lazy\" decoding=\"async\" class=\"alignnone size-full wp-image-31753\" src=\"https:\/\/www.diarioholaveracruz.com.mx\/sitio\/wp-content\/uploads\/2026\/09\/WhatsApp-Image-2026-09-02-at-16.01.18-1.jpeg\" alt=\"\" width=\"1280\" height=\"853\" srcset=\"https:\/\/www.diarioholaveracruz.com.mx\/sitio\/wp-content\/uploads\/2026\/09\/WhatsApp-Image-2026-09-02-at-16.01.18-1.jpeg 1280w, https:\/\/www.diarioholaveracruz.com.mx\/sitio\/wp-content\/uploads\/2026\/09\/WhatsApp-Image-2026-09-02-at-16.01.18-1-300x200.jpeg 300w, https:\/\/www.diarioholaveracruz.com.mx\/sitio\/wp-content\/uploads\/2026\/09\/WhatsApp-Image-2026-09-02-at-16.01.18-1-1024x682.jpeg 1024w, https:\/\/www.diarioholaveracruz.com.mx\/sitio\/wp-content\/uploads\/2026\/09\/WhatsApp-Image-2026-09-02-at-16.01.18-1-768x512.jpeg 768w, https:\/\/www.diarioholaveracruz.com.mx\/sitio\/wp-content\/uploads\/2026\/09\/WhatsApp-Image-2026-09-02-at-16.01.18-1-330x220.jpeg 330w, https:\/\/www.diarioholaveracruz.com.mx\/sitio\/wp-content\/uploads\/2026\/09\/WhatsApp-Image-2026-09-02-at-16.01.18-1-420x280.jpeg 420w, https:\/\/www.diarioholaveracruz.com.mx\/sitio\/wp-content\/uploads\/2026\/09\/WhatsApp-Image-2026-09-02-at-16.01.18-1-615x410.jpeg 615w, https:\/\/www.diarioholaveracruz.com.mx\/sitio\/wp-content\/uploads\/2026\/09\/WhatsApp-Image-2026-09-02-at-16.01.18-1-860x573.jpeg 860w, https:\/\/www.diarioholaveracruz.com.mx\/sitio\/wp-content\/uploads\/2026\/09\/WhatsApp-Image-2026-09-02-at-16.01.18-1-760x506.jpeg 760w\" sizes=\"auto, (max-width: 1280px) 100vw, 1280px\" \/> <img loading=\"lazy\" loading=\"lazy\" decoding=\"async\" class=\"alignnone size-full wp-image-31754\" src=\"https:\/\/www.diarioholaveracruz.com.mx\/sitio\/wp-content\/uploads\/2026\/09\/WhatsApp-Image-2026-09-02-at-16.01.18.jpeg\" alt=\"\" width=\"1280\" height=\"853\" srcset=\"https:\/\/www.diarioholaveracruz.com.mx\/sitio\/wp-content\/uploads\/2026\/09\/WhatsApp-Image-2026-09-02-at-16.01.18.jpeg 1280w, https:\/\/www.diarioholaveracruz.com.mx\/sitio\/wp-content\/uploads\/2026\/09\/WhatsApp-Image-2026-09-02-at-16.01.18-300x200.jpeg 300w, https:\/\/www.diarioholaveracruz.com.mx\/sitio\/wp-content\/uploads\/2026\/09\/WhatsApp-Image-2026-09-02-at-16.01.18-1024x682.jpeg 1024w, https:\/\/www.diarioholaveracruz.com.mx\/sitio\/wp-content\/uploads\/2026\/09\/WhatsApp-Image-2026-09-02-at-16.01.18-768x512.jpeg 768w, https:\/\/www.diarioholaveracruz.com.mx\/sitio\/wp-content\/uploads\/2026\/09\/WhatsApp-Image-2026-09-02-at-16.01.18-330x220.jpeg 330w, https:\/\/www.diarioholaveracruz.com.mx\/sitio\/wp-content\/uploads\/2026\/09\/WhatsApp-Image-2026-09-02-at-16.01.18-420x280.jpeg 420w, https:\/\/www.diarioholaveracruz.com.mx\/sitio\/wp-content\/uploads\/2026\/09\/WhatsApp-Image-2026-09-02-at-16.01.18-615x410.jpeg 615w, https:\/\/www.diarioholaveracruz.com.mx\/sitio\/wp-content\/uploads\/2026\/09\/WhatsApp-Image-2026-09-02-at-16.01.18-860x573.jpeg 860w, https:\/\/www.diarioholaveracruz.com.mx\/sitio\/wp-content\/uploads\/2026\/09\/WhatsApp-Image-2026-09-02-at-16.01.18-760x506.jpeg 760w\" sizes=\"auto, (max-width: 1280px) 100vw, 1280px\" \/><\/p>\n","protected":false},"excerpt":{"rendered":"<p>&gt;Encabeza la cartelera art\u00edstica El Gran Silencio. Xalapa, Ver., martes 1 de septiembre de 2026.- La Secretar\u00eda de Cultura de Veracruz (SECVER) y el Ayuntamiento de Tecolutla invitan a la XII edici\u00f3n del MotoFest Navajos 2026, encuentro en torno al estilo de vida motociclista que se llevar\u00e1 a cabo del 3 al 5 de septiembre, [&hellip;]<\/p>\n","protected":false},"author":1,"featured_media":31753,"comment_status":"open","ping_status":"open","sticky":false,"template":"","format":"standard","meta":{"pagelayer_contact_templates":[],"_pagelayer_content":"","footnotes":""},"categories":[118,44,85],"tags":[],"class_list":["post-31737","post","type-post","status-publish","format-standard","has-post-thumbnail","category-comunicados","category-estatal","category-xalapa"],"_links":{"self":[{"href":"https:\/\/www.diarioholaveracruz.com.mx\/sitio\/wp-json\/wp\/v2\/posts\/31737","targetHints":{"allow":["GET"]}}],"collection":[{"href":"https:\/\/www.diarioholaveracruz.com.mx\/sitio\/wp-json\/wp\/v2\/posts"}],"about":[{"href":"https:\/\/www.diarioholaveracruz.com.mx\/sitio\/wp-json\/wp\/v2\/types\/post"}],"author":[{"embeddable":true,"href":"https:\/\/www.diarioholaveracruz.com.mx\/sitio\/wp-json\/wp\/v2\/users\/1"}],"replies":[{"embeddable":true,"href":"https:\/\/www.diarioholaveracruz.com.mx\/sitio\/wp-json\/wp\/v2\/comments?post=31737"}],"version-history":[{"count":1,"href":"https:\/\/www.diarioholaveracruz.com.mx\/sitio\/wp-json\/wp\/v2\/posts\/31737\/revisions"}],"predecessor-version":[{"id":31757,"href":"https:\/\/www.diarioholaveracruz.com.mx\/sitio\/wp-json\/wp\/v2\/posts\/31737\/revisions\/31757"}],"wp:featuredmedia":[{"embeddable":true,"href":"https:\/\/www.diarioholaveracruz.com.mx\/sitio\/wp-json\/wp\/v2\/media\/31753"}],"wp:attachment":[{"href":"https:\/\/www.diarioholaveracruz.com.mx\/sitio\/wp-json\/wp\/v2\/media?parent=31737"}],"wp:term":[{"taxonomy":"category","embeddable":true,"href":"https:\/\/www.diarioholaveracruz.com.mx\/sitio\/wp-json\/wp\/v2\/categories?post=31737"},{"taxonomy":"post_tag","embeddable":true,"href":"https:\/\/www.diarioholaveracruz.com.mx\/sitio\/wp-json\/wp\/v2\/tags?post=31737"}],"curies":[{"name":"wp","href":"https:\/\/api.w.org\/{rel}","templated":true}]}}