{"id":31763,"date":"2026-09-02T19:57:47","date_gmt":"2026-09-03T01:57:47","guid":{"rendered":"https:\/\/www.diarioholaveracruz.com.mx\/sitio\/?p=31763"},"modified":"2026-09-02T19:57:47","modified_gmt":"2026-09-03T01:57:47","slug":"veracruz-pieza-estrategica-de-la-transformacion-nacional-rocio-nahle","status":"publish","type":"post","link":"https:\/\/www.diarioholaveracruz.com.mx\/sitio\/veracruz-pieza-estrategica-de-la-transformacion-nacional-rocio-nahle\/","title":{"rendered":"Veracruz, pieza estrat\u00e9gica de la transformaci\u00f3n nacional: Roc\u00edo Nahle"},"content":{"rendered":"<div id=\"diari-1514925514\" class=\"diari-antes-del-contenido diari-entity-placement\" style=\"margin-left: auto;margin-right: auto;text-align: center;\"><a href=\"https:\/\/www.ssaver.gob.mx\/\" aria-label=\"BANNER_315x500-px\"><img loading=\"lazy\" decoding=\"async\" src=\"https:\/\/www.diarioholaveracruz.com.mx\/sitio\/wp-content\/uploads\/2026\/05\/BANNER_315x500-px-1-scaled.png\" alt=\"\"  srcset=\"https:\/\/www.diarioholaveracruz.com.mx\/sitio\/wp-content\/uploads\/2026\/05\/BANNER_315x500-px-1-scaled.png 2560w, https:\/\/www.diarioholaveracruz.com.mx\/sitio\/wp-content\/uploads\/2026\/05\/BANNER_315x500-px-1-300x48.png 300w, https:\/\/www.diarioholaveracruz.com.mx\/sitio\/wp-content\/uploads\/2026\/05\/BANNER_315x500-px-1-1024x163.png 1024w, https:\/\/www.diarioholaveracruz.com.mx\/sitio\/wp-content\/uploads\/2026\/05\/BANNER_315x500-px-1-768x122.png 768w, https:\/\/www.diarioholaveracruz.com.mx\/sitio\/wp-content\/uploads\/2026\/05\/BANNER_315x500-px-1-1536x244.png 1536w, https:\/\/www.diarioholaveracruz.com.mx\/sitio\/wp-content\/uploads\/2026\/05\/BANNER_315x500-px-1-2048x326.png 2048w, https:\/\/www.diarioholaveracruz.com.mx\/sitio\/wp-content\/uploads\/2026\/05\/BANNER_315x500-px-1-860x137.png 860w, https:\/\/www.diarioholaveracruz.com.mx\/sitio\/wp-content\/uploads\/2026\/05\/BANNER_315x500-px-1-760x121.png 760w\" sizes=\"(max-width: 2560px) 100vw, 2560px\" width=\"800\" height=\"107\"   \/><\/a><\/div><p class=\"s8\"><span class=\"s5\">Xalapa, Ver., mi\u00e9rcoles 2 de septiembre de 2026.-<\/span> <span class=\"s4\">\u201cLa Presidenta quiere mucho a Veracruz y a los veracruzanos. Ha visitado 15 veces el estado y, pr\u00e1cticamente, en todos los rubros aparece Veracruz\u201d, afirm\u00f3 la gobernadora Roc\u00edo Nahle Garc\u00eda al subrayar la presencia de la entidad en los principales resultados presentados por la presidenta Claudia Sheinbaum Pardo durante su Segundo Informe de Gobierno.<\/span><\/p><div id=\"diari-3536162413\" class=\"diari-contenido diari-entity-placement\"><a href=\"https:\/\/www.veracruz.gob.mx\/seguridad\/denuncia-ciudadana-y-linea-de-emergencia\/\" aria-label=\"DENUNCIA BANNER 468 X 60\"><img loading=\"lazy\" decoding=\"async\" src=\"https:\/\/www.diarioholaveracruz.com.mx\/sitio\/wp-content\/uploads\/2026\/06\/DENUNCIA-BANNER-468-X-60.jpg\" alt=\"\"  srcset=\"https:\/\/www.diarioholaveracruz.com.mx\/sitio\/wp-content\/uploads\/2026\/06\/DENUNCIA-BANNER-468-X-60.jpg 1872w, https:\/\/www.diarioholaveracruz.com.mx\/sitio\/wp-content\/uploads\/2026\/06\/DENUNCIA-BANNER-468-X-60-300x38.jpg 300w, https:\/\/www.diarioholaveracruz.com.mx\/sitio\/wp-content\/uploads\/2026\/06\/DENUNCIA-BANNER-468-X-60-1024x131.jpg 1024w, https:\/\/www.diarioholaveracruz.com.mx\/sitio\/wp-content\/uploads\/2026\/06\/DENUNCIA-BANNER-468-X-60-768x98.jpg 768w, https:\/\/www.diarioholaveracruz.com.mx\/sitio\/wp-content\/uploads\/2026\/06\/DENUNCIA-BANNER-468-X-60-1536x197.jpg 1536w, https:\/\/www.diarioholaveracruz.com.mx\/sitio\/wp-content\/uploads\/2026\/06\/DENUNCIA-BANNER-468-X-60-860x110.jpg 860w, https:\/\/www.diarioholaveracruz.com.mx\/sitio\/wp-content\/uploads\/2026\/06\/DENUNCIA-BANNER-468-X-60-760x97.jpg 760w\" sizes=\"(max-width: 1872px) 100vw, 1872px\" width=\"1872\" height=\"240\"   \/><\/a><\/div>\n<p class=\"s8\"><span class=\"s4\">Entre los proyectos para Veracruz mencion\u00f3 el Acueducto Coatzacoalcos, la pr\u00f3xima Planta de Tratamiento de Aguas <\/span><span class=\"s4\">Residuales \u00a0en<\/span><span class=\"s4\"> Poza Rica y la planta de fertilizantes <\/span><span class=\"s4\">Escol\u00edn<\/span><span class=\"s4\">.<\/span><\/p>\n<p class=\"s8\"><span class=\"s4\">A ello se suma el plan integral para recuperar la petroqu\u00edmica, con una inversi\u00f3n mixta de 93 mil millones de pesos para elevar la producci\u00f3n anual de petroqu\u00edmicos y fertilizantes a 4 millones de toneladas, mediante la rehabilitaci\u00f3n de los complejos Cangrejera y Morelos, Cosoleacaque, L\u00e1zaro C\u00e1rdenas y <\/span><span class=\"s4\">ProAgro<\/span><span class=\"s4\">.<\/span><span class=\"s4\">\u00a0<\/span><\/p>\n<p class=\"s8\"><span class=\"s4\">En infraestructura, resalt\u00f3 la rehabilitaci\u00f3n de la ruta del Golfo, desde Tabasco hasta Tamaulipas, y el Distribuidor Vial de acceso al puerto de Veracruz, pr\u00e1cticamente concluido.<\/span><\/p>\n<p class=\"s8\"><span class=\"s4\">Tambi\u00e9n destac\u00f3 la construcci\u00f3n del Puente Coatzacoalcos III y las inversiones destinadas a mejorar la conectividad regional.<\/span><\/p>\n<p class=\"s8\"><span class=\"s4\">La Gobernadora agradeci\u00f3 el reconocimiento de la <\/span><span class=\"s4\">Presidenta<\/span><span class=\"s4\"> a la Refiner\u00eda Olmeca, cuya operaci\u00f3n, se\u00f1al\u00f3, ha contribuido a fortalecer la producci\u00f3n nacional de combustibles y mantener la estabilidad en el precio de las gasolinas<\/span><span class=\"s4\">, <\/span><span class=\"s4\">\u201c<\/span><span class=\"s4\">p<\/span><span class=\"s4\">ara m\u00ed es un timbre de orgullo haber participado en esa gran obra que construyeron las y los mexicanos\u201d, expres\u00f3<\/span><span class=\"s4\">.<\/span><\/p>\n<p class=\"s8\"><span class=\"s4\">En salud, resalt\u00f3 la inauguraci\u00f3n del Hospital Materno Infantil de Coatzacoalcos y los avances hacia la atenci\u00f3n universal; en educaci\u00f3n, la ampliaci\u00f3n de becas, escuelas y oportunidades para mantener a ni\u00f1as, ni\u00f1os y j\u00f3venes en las aulas.<\/span><\/p>\n<p class=\"s8\"><span class=\"s4\">Sobre seguridad, se\u00f1al\u00f3 que la estrategia nacional tambi\u00e9n se refleja en Veracruz mediante la prevenci\u00f3n de adicciones, la formaci\u00f3n y capacitaci\u00f3n de nuevos elementos policiales y el fortalecimiento del equipamiento.<\/span><\/p>\n<p class=\"s8\"><span class=\"s4\">La Mandataria destac\u00f3 que la coordinaci\u00f3n entre los gobiernos federal y estatal ha permitido avanzar en proyectos prioritarios y record\u00f3 que la <\/span><span class=\"s4\">Presidenta de M\u00e9xico<\/span><span class=\"s4\">visitar\u00e1<\/span> <a name=\"_GoBack\"><\/a><span class=\"s4\">el pr\u00f3ximo 10 de septiembre, cuando presentar\u00e1 en el estadio Beto \u00c1vila un informe sobre las acciones y obras realizadas por su administraci\u00f3n en la entidad.<\/span><\/p>\n<p class=\"s8\"><span class=\"s4\">\u201cEs ayudar a todo M\u00e9xico, porque no podemos dejar un estado rezagado. En Veracruz trabajamos de la misma manera: por Veracruz y por los veracruzanos, sin distinci\u00f3n\u201d, concluy\u00f3.<\/span><\/p>\n","protected":false},"excerpt":{"rendered":"<p>Xalapa, Ver., mi\u00e9rcoles 2 de septiembre de 2026.- \u201cLa Presidenta quiere mucho a Veracruz y a los veracruzanos. Ha visitado 15 veces el estado y, pr\u00e1cticamente, en todos los rubros aparece Veracruz\u201d, afirm\u00f3 la gobernadora Roc\u00edo Nahle Garc\u00eda al subrayar la presencia de la entidad en los principales resultados presentados por la presidenta Claudia Sheinbaum [&hellip;]<\/p>\n","protected":false},"author":1,"featured_media":31761,"comment_status":"open","ping_status":"open","sticky":false,"template":"","format":"standard","meta":{"pagelayer_contact_templates":[],"_pagelayer_content":"","footnotes":""},"categories":[50,85],"tags":[],"class_list":["post-31763","post","type-post","status-publish","format-standard","has-post-thumbnail","category-destacadas","category-xalapa"],"_links":{"self":[{"href":"https:\/\/www.diarioholaveracruz.com.mx\/sitio\/wp-json\/wp\/v2\/posts\/31763","targetHints":{"allow":["GET"]}}],"collection":[{"href":"https:\/\/www.diarioholaveracruz.com.mx\/sitio\/wp-json\/wp\/v2\/posts"}],"about":[{"href":"https:\/\/www.diarioholaveracruz.com.mx\/sitio\/wp-json\/wp\/v2\/types\/post"}],"author":[{"embeddable":true,"href":"https:\/\/www.diarioholaveracruz.com.mx\/sitio\/wp-json\/wp\/v2\/users\/1"}],"replies":[{"embeddable":true,"href":"https:\/\/www.diarioholaveracruz.com.mx\/sitio\/wp-json\/wp\/v2\/comments?post=31763"}],"version-history":[{"count":1,"href":"https:\/\/www.diarioholaveracruz.com.mx\/sitio\/wp-json\/wp\/v2\/posts\/31763\/revisions"}],"predecessor-version":[{"id":31767,"href":"https:\/\/www.diarioholaveracruz.com.mx\/sitio\/wp-json\/wp\/v2\/posts\/31763\/revisions\/31767"}],"wp:attachment":[{"href":"https:\/\/www.diarioholaveracruz.com.mx\/sitio\/wp-json\/wp\/v2\/media?parent=31763"}],"wp:term":[{"taxonomy":"category","embeddable":true,"href":"https:\/\/www.diarioholaveracruz.com.mx\/sitio\/wp-json\/wp\/v2\/categories?post=31763"},{"taxonomy":"post_tag","embeddable":true,"href":"https:\/\/www.diarioholaveracruz.com.mx\/sitio\/wp-json\/wp\/v2\/tags?post=31763"}],"curies":[{"name":"wp","href":"https:\/\/api.w.org\/{rel}","templated":true}]}}