{"id":31776,"date":"2026-09-03T12:01:15","date_gmt":"2026-09-03T18:01:15","guid":{"rendered":"https:\/\/www.diarioholaveracruz.com.mx\/sitio\/?p=31776"},"modified":"2026-09-03T20:03:59","modified_gmt":"2026-09-04T02:03:59","slug":"veracruz-tiene-cartera-activa-de-inversion-por-4-mil-270-mdd-y-35-proyectos-por-11-mil-485-mdd-sedecop","status":"publish","type":"post","link":"https:\/\/www.diarioholaveracruz.com.mx\/sitio\/veracruz-tiene-cartera-activa-de-inversion-por-4-mil-270-mdd-y-35-proyectos-por-11-mil-485-mdd-sedecop\/","title":{"rendered":"Veracruz tiene cartera activa de inversi\u00f3n por 4 mil 270 mdd y 35 proyectos por 11 mil 485 mdd: Sedecop"},"content":{"rendered":"<div id=\"diari-3635885204\" class=\"diari-antes-del-contenido diari-entity-placement\" style=\"margin-left: auto;margin-right: auto;text-align: center;\"><a href=\"https:\/\/www.ssaver.gob.mx\/\" aria-label=\"BANNER_315x500-px\"><img loading=\"lazy\" decoding=\"async\" src=\"https:\/\/www.diarioholaveracruz.com.mx\/sitio\/wp-content\/uploads\/2026\/05\/BANNER_315x500-px-1-scaled.png\" alt=\"\"  srcset=\"https:\/\/www.diarioholaveracruz.com.mx\/sitio\/wp-content\/uploads\/2026\/05\/BANNER_315x500-px-1-scaled.png 2560w, https:\/\/www.diarioholaveracruz.com.mx\/sitio\/wp-content\/uploads\/2026\/05\/BANNER_315x500-px-1-300x48.png 300w, https:\/\/www.diarioholaveracruz.com.mx\/sitio\/wp-content\/uploads\/2026\/05\/BANNER_315x500-px-1-1024x163.png 1024w, https:\/\/www.diarioholaveracruz.com.mx\/sitio\/wp-content\/uploads\/2026\/05\/BANNER_315x500-px-1-768x122.png 768w, https:\/\/www.diarioholaveracruz.com.mx\/sitio\/wp-content\/uploads\/2026\/05\/BANNER_315x500-px-1-1536x244.png 1536w, https:\/\/www.diarioholaveracruz.com.mx\/sitio\/wp-content\/uploads\/2026\/05\/BANNER_315x500-px-1-2048x326.png 2048w, https:\/\/www.diarioholaveracruz.com.mx\/sitio\/wp-content\/uploads\/2026\/05\/BANNER_315x500-px-1-860x137.png 860w, https:\/\/www.diarioholaveracruz.com.mx\/sitio\/wp-content\/uploads\/2026\/05\/BANNER_315x500-px-1-760x121.png 760w\" sizes=\"(max-width: 2560px) 100vw, 2560px\" width=\"800\" height=\"107\"   \/><\/a><\/div><p class=\"s7\"><span class=\"s4\">&gt;Instala el<\/span><span class=\"s4\"> Comit\u00e9 Promotor de Inversiones<\/span> <span class=\"s4\">para facilitar y acelerar proyectos.<\/span><\/p><div id=\"diari-2508887025\" class=\"diari-contenido diari-entity-placement\"><a href=\"https:\/\/www.veracruz.gob.mx\/seguridad\/denuncia-ciudadana-y-linea-de-emergencia\/\" aria-label=\"DENUNCIA BANNER 468 X 60\"><img loading=\"lazy\" decoding=\"async\" src=\"https:\/\/www.diarioholaveracruz.com.mx\/sitio\/wp-content\/uploads\/2026\/06\/DENUNCIA-BANNER-468-X-60.jpg\" alt=\"\"  srcset=\"https:\/\/www.diarioholaveracruz.com.mx\/sitio\/wp-content\/uploads\/2026\/06\/DENUNCIA-BANNER-468-X-60.jpg 1872w, https:\/\/www.diarioholaveracruz.com.mx\/sitio\/wp-content\/uploads\/2026\/06\/DENUNCIA-BANNER-468-X-60-300x38.jpg 300w, https:\/\/www.diarioholaveracruz.com.mx\/sitio\/wp-content\/uploads\/2026\/06\/DENUNCIA-BANNER-468-X-60-1024x131.jpg 1024w, https:\/\/www.diarioholaveracruz.com.mx\/sitio\/wp-content\/uploads\/2026\/06\/DENUNCIA-BANNER-468-X-60-768x98.jpg 768w, https:\/\/www.diarioholaveracruz.com.mx\/sitio\/wp-content\/uploads\/2026\/06\/DENUNCIA-BANNER-468-X-60-1536x197.jpg 1536w, https:\/\/www.diarioholaveracruz.com.mx\/sitio\/wp-content\/uploads\/2026\/06\/DENUNCIA-BANNER-468-X-60-860x110.jpg 860w, https:\/\/www.diarioholaveracruz.com.mx\/sitio\/wp-content\/uploads\/2026\/06\/DENUNCIA-BANNER-468-X-60-760x97.jpg 760w\" sizes=\"(max-width: 1872px) 100vw, 1872px\" width=\"1872\" height=\"240\"   \/><\/a><\/div>\n<p class=\"s7\"><span class=\"s5\">Boca del R\u00edo, Ver., jueves 3<\/span><span class=\"s5\"> de septiembre<\/span><span class=\"s5\"> de 2026.- <\/span><span class=\"s4\">Veracruz cuenta con una cartera activa de inversi<\/span><span class=\"s4\">\u00f3<\/span><span class=\"s4\">n por 4 mil 270 millones de d<\/span><span class=\"s4\">\u00f3<\/span><span class=\"s4\">lares, mientras que el Portafolio para la Prosperidad Compartida integra 35 proyectos con un potencial de 11 mil 485 millones de d<\/span><span class=\"s4\">\u00f3<\/span><span class=\"s4\">lares y una proyecci<\/span><span class=\"s4\">\u00f3<\/span><span class=\"s4\">n de 241 mil nuevos empleos para las y los veracruzanos.<\/span><\/p>\n<p class=\"s7\"><span class=\"s4\">Para avanzar en la concreci<\/span><span class=\"s4\">\u00f3<\/span><span class=\"s4\">n de estos proyectos, <\/span><span class=\"s4\">la Secretar\u00eda de Desarrollo Econ\u00f3mico y Portuario (<\/span><span class=\"s4\">Sedecop<\/span><span class=\"s4\">) <\/span><span class=\"s4\">instal<\/span><span class=\"s4\">\u00f3<\/span><span class=\"s4\"> el Comit<\/span><span class=\"s4\">\u00e9<\/span><span class=\"s4\"> Promotor de Inversiones del Estado de Veracruz, una mesa permanente<\/span><span class=\"s4\"> y transversal<\/span><span class=\"s4\"> de coordinaci<\/span><span class=\"s4\">\u00f3<\/span><span class=\"s4\">n entre autoridades, sector productivo y academia, orientada a facilitar inversiones, atender necesidades de los proyectos y generar soluciones de manera conjunta.<\/span><\/p>\n<p class=\"s7\"><span class=\"s4\">Durante la sesi<\/span><span class=\"s4\">\u00f3<\/span><span class=\"s4\">n inaugural, <\/span><span class=\"s4\">se <\/span><span class=\"s4\">pr<\/span><span class=\"s4\">esentaron<\/span><span class=\"s4\"> los est<\/span><span class=\"s4\">\u00ed<\/span><span class=\"s4\">mulos fiscales contemplados en el Plan M<\/span><span class=\"s4\">\u00e9<\/span><span class=\"s4\">xico, as<\/span><span class=\"s4\">\u00ed<\/span><span class=\"s4\"> como esquemas de garant<\/span><span class=\"s4\">\u00ed<\/span><span class=\"s4\">as para inversionistas, micro, peque<\/span><span class=\"s4\">\u00f1<\/span><span class=\"s4\">as y medianas empresas<\/span> <span class=\"s4\">y exportadores, como parte de las herramientas disponibles para favorecer la actividad econ<\/span><span class=\"s4\">\u00f3<\/span><span class=\"s4\">mica y la llegada de capital a la entidad.<\/span><\/p>\n<p class=\"s7\"><span class=\"s4\">El <\/span><span class=\"s4\">titular de la <\/span><span class=\"s4\">Sedecop<\/span><span class=\"s4\"> Ernesto P<\/span><span class=\"s4\">\u00e9<\/span><span class=\"s4\">rez Astorga, tom<\/span><span class=\"s4\">\u00f3<\/span><span class=\"s4\"> protesta a las y los integrantes del Comit<\/span><span class=\"s4\">\u00e9<\/span><span class=\"s4\"> y destac<\/span><span class=\"s4\">\u00f3<\/span><span class=\"s4\"> que su operaci<\/span><span class=\"s4\">\u00f3<\/span><span class=\"s4\">n contar<\/span><span class=\"s4\">\u00e1<\/span><span class=\"s4\"> con la coordinaci<\/span><span class=\"s4\">\u00f3<\/span><span class=\"s4\">n y respaldo de instituciones de los gobiernos estatal y federal, as<\/span><span class=\"s4\">\u00ed<\/span><span class=\"s4\"> como de representantes empresariales y acad<\/span><span class=\"s4\">\u00e9<\/span><span class=\"s4\">micos.<\/span><span class=\"s4\">\u00a0<\/span><\/p>\n<p class=\"s7\"><span class=\"s4\">En este mecanismo participan la Secretar<\/span><span class=\"s4\">\u00ed<\/span><span class=\"s4\">a de Econom<\/span><span class=\"s4\">\u00ed<\/span><span class=\"s4\">a, <\/span><span class=\"s4\">de Medio Ambiente y Recursos Naturales; la Comisi\u00f3n Nacional del Agua, <\/span><span class=\"s4\">la Aduana de Veracruz, la Administraci<\/span><span class=\"s4\">\u00f3<\/span><span class=\"s4\">n del Sistema Portuario Nacional Veracruz y el Corredor Interoce<\/span><span class=\"s4\">\u00e1<\/span><span class=\"s4\">nico del Istmo de Tehuantepec<\/span><span class=\"s4\">, <\/span><span class=\"s4\">as\u00ed como <\/span><span class=\"s4\">Nacional Financiera<\/span><span class=\"s4\"> y el <\/span><span class=\"s4\">Banco Nacional de Comercio Exterior<\/span><span class=\"s4\">.<\/span><\/p>\n<p class=\"s7\"><span class=\"s4\">Este bloque federal trabajara de forma coordinada con las s<\/span><span class=\"s4\">ecretar\u00ed<\/span><span class=\"s4\">as <\/span><span class=\"s4\">de Finanzas y Planeaci<\/span><span class=\"s4\">\u00f3<\/span><span class=\"s4\">n<\/span><span class=\"s4\">, <\/span><span class=\"s4\">de Desarrollo Econ<\/span><span class=\"s4\">\u00f3<\/span><span class=\"s4\">mico y Portuario<\/span><span class=\"s4\">; as\u00ed como <\/span><span class=\"s4\">el Ayuntamiento de Veracruz<\/span><span class=\"s4\">, la iniciativa privada, instituciones acad\u00e9micas.<\/span><\/p>\n<p class=\"s7\"><span class=\"s4\">Durante la reuni<\/span><span class=\"s4\">\u00f3<\/span><span class=\"s4\">n tambi<\/span><span class=\"s4\">\u00e9<\/span><span class=\"s4\">n se present<\/span><span class=\"s4\">\u00f3<\/span><span class=\"s4\"> el Portafolio para la Prosperidad Compartida, integrado por 35 proyectos intersectoriales que abarcan actividades agropecuarias, agroindustriales, manufactureras, de construcci<\/span><span class=\"s4\">\u00f3<\/span><span class=\"s4\">n e infraestructura, log<\/span><span class=\"s4\">\u00ed<\/span><span class=\"s4\">stica y transporte, comercio e inversi<\/span><span class=\"s4\">\u00f3<\/span><span class=\"s4\">n.<\/span><\/p>\n<p class=\"s7\"><span class=\"s4\">P<\/span><span class=\"s4\">\u00e9<\/span><span class=\"s4\">rez Astorga se<\/span><span class=\"s4\">\u00f1<\/span><span class=\"s4\">al<\/span><span class=\"s4\">\u00f3<\/span> <span class=\"s4\">que la<\/span><span class=\"s4\"> inversi\u00f3n no llega por casualidad: se construye con di\u00e1logo, infraestructura, certeza y trabajo conjunto. Este Comit\u00e9 nace para escuchar al sector productivo de manera integral, identificar proyectos y construir soluciones en bloque, sumando la visi\u00f3n de la academia, la fuerza de nuestras empresas y el respaldo total de las instituciones\u201d<\/span><span class=\"s4\">.<\/span><\/p>\n<p><img loading=\"lazy\" loading=\"lazy\" decoding=\"async\" class=\"alignnone size-full wp-image-31779\" src=\"https:\/\/www.diarioholaveracruz.com.mx\/sitio\/wp-content\/uploads\/2026\/09\/WhatsApp-Image-2026-09-03-at-11.04.29-2.jpeg\" alt=\"\" width=\"2560\" height=\"1706\" srcset=\"https:\/\/www.diarioholaveracruz.com.mx\/sitio\/wp-content\/uploads\/2026\/09\/WhatsApp-Image-2026-09-03-at-11.04.29-2.jpeg 2560w, https:\/\/www.diarioholaveracruz.com.mx\/sitio\/wp-content\/uploads\/2026\/09\/WhatsApp-Image-2026-09-03-at-11.04.29-2-300x200.jpeg 300w, https:\/\/www.diarioholaveracruz.com.mx\/sitio\/wp-content\/uploads\/2026\/09\/WhatsApp-Image-2026-09-03-at-11.04.29-2-1024x682.jpeg 1024w, https:\/\/www.diarioholaveracruz.com.mx\/sitio\/wp-content\/uploads\/2026\/09\/WhatsApp-Image-2026-09-03-at-11.04.29-2-768x512.jpeg 768w, https:\/\/www.diarioholaveracruz.com.mx\/sitio\/wp-content\/uploads\/2026\/09\/WhatsApp-Image-2026-09-03-at-11.04.29-2-1536x1024.jpeg 1536w, https:\/\/www.diarioholaveracruz.com.mx\/sitio\/wp-content\/uploads\/2026\/09\/WhatsApp-Image-2026-09-03-at-11.04.29-2-2048x1365.jpeg 2048w, https:\/\/www.diarioholaveracruz.com.mx\/sitio\/wp-content\/uploads\/2026\/09\/WhatsApp-Image-2026-09-03-at-11.04.29-2-330x220.jpeg 330w, https:\/\/www.diarioholaveracruz.com.mx\/sitio\/wp-content\/uploads\/2026\/09\/WhatsApp-Image-2026-09-03-at-11.04.29-2-420x280.jpeg 420w, https:\/\/www.diarioholaveracruz.com.mx\/sitio\/wp-content\/uploads\/2026\/09\/WhatsApp-Image-2026-09-03-at-11.04.29-2-615x410.jpeg 615w, https:\/\/www.diarioholaveracruz.com.mx\/sitio\/wp-content\/uploads\/2026\/09\/WhatsApp-Image-2026-09-03-at-11.04.29-2-860x573.jpeg 860w, https:\/\/www.diarioholaveracruz.com.mx\/sitio\/wp-content\/uploads\/2026\/09\/WhatsApp-Image-2026-09-03-at-11.04.29-2-760x506.jpeg 760w\" sizes=\"auto, (max-width: 2560px) 100vw, 2560px\" \/> <img loading=\"lazy\" loading=\"lazy\" decoding=\"async\" class=\"alignnone size-full wp-image-31780\" src=\"https:\/\/www.diarioholaveracruz.com.mx\/sitio\/wp-content\/uploads\/2026\/09\/WhatsApp-Image-2026-09-03-at-11.04.29-1.jpeg\" alt=\"\" width=\"1280\" height=\"853\" srcset=\"https:\/\/www.diarioholaveracruz.com.mx\/sitio\/wp-content\/uploads\/2026\/09\/WhatsApp-Image-2026-09-03-at-11.04.29-1.jpeg 1280w, https:\/\/www.diarioholaveracruz.com.mx\/sitio\/wp-content\/uploads\/2026\/09\/WhatsApp-Image-2026-09-03-at-11.04.29-1-300x200.jpeg 300w, https:\/\/www.diarioholaveracruz.com.mx\/sitio\/wp-content\/uploads\/2026\/09\/WhatsApp-Image-2026-09-03-at-11.04.29-1-1024x682.jpeg 1024w, https:\/\/www.diarioholaveracruz.com.mx\/sitio\/wp-content\/uploads\/2026\/09\/WhatsApp-Image-2026-09-03-at-11.04.29-1-768x512.jpeg 768w, https:\/\/www.diarioholaveracruz.com.mx\/sitio\/wp-content\/uploads\/2026\/09\/WhatsApp-Image-2026-09-03-at-11.04.29-1-330x220.jpeg 330w, https:\/\/www.diarioholaveracruz.com.mx\/sitio\/wp-content\/uploads\/2026\/09\/WhatsApp-Image-2026-09-03-at-11.04.29-1-420x280.jpeg 420w, https:\/\/www.diarioholaveracruz.com.mx\/sitio\/wp-content\/uploads\/2026\/09\/WhatsApp-Image-2026-09-03-at-11.04.29-1-615x410.jpeg 615w, https:\/\/www.diarioholaveracruz.com.mx\/sitio\/wp-content\/uploads\/2026\/09\/WhatsApp-Image-2026-09-03-at-11.04.29-1-860x573.jpeg 860w, https:\/\/www.diarioholaveracruz.com.mx\/sitio\/wp-content\/uploads\/2026\/09\/WhatsApp-Image-2026-09-03-at-11.04.29-1-760x506.jpeg 760w\" sizes=\"auto, (max-width: 1280px) 100vw, 1280px\" \/> <img loading=\"lazy\" loading=\"lazy\" decoding=\"async\" class=\"alignnone size-full wp-image-31781\" src=\"https:\/\/www.diarioholaveracruz.com.mx\/sitio\/wp-content\/uploads\/2026\/09\/WhatsApp-Image-2026-09-03-at-11.04.29.jpeg\" alt=\"\" width=\"1600\" height=\"1052\" srcset=\"https:\/\/www.diarioholaveracruz.com.mx\/sitio\/wp-content\/uploads\/2026\/09\/WhatsApp-Image-2026-09-03-at-11.04.29.jpeg 1600w, https:\/\/www.diarioholaveracruz.com.mx\/sitio\/wp-content\/uploads\/2026\/09\/WhatsApp-Image-2026-09-03-at-11.04.29-300x197.jpeg 300w, https:\/\/www.diarioholaveracruz.com.mx\/sitio\/wp-content\/uploads\/2026\/09\/WhatsApp-Image-2026-09-03-at-11.04.29-1024x673.jpeg 1024w, https:\/\/www.diarioholaveracruz.com.mx\/sitio\/wp-content\/uploads\/2026\/09\/WhatsApp-Image-2026-09-03-at-11.04.29-768x505.jpeg 768w, https:\/\/www.diarioholaveracruz.com.mx\/sitio\/wp-content\/uploads\/2026\/09\/WhatsApp-Image-2026-09-03-at-11.04.29-1536x1010.jpeg 1536w, https:\/\/www.diarioholaveracruz.com.mx\/sitio\/wp-content\/uploads\/2026\/09\/WhatsApp-Image-2026-09-03-at-11.04.29-860x565.jpeg 860w, https:\/\/www.diarioholaveracruz.com.mx\/sitio\/wp-content\/uploads\/2026\/09\/WhatsApp-Image-2026-09-03-at-11.04.29-760x500.jpeg 760w\" sizes=\"auto, (max-width: 1600px) 100vw, 1600px\" \/> <img loading=\"lazy\" loading=\"lazy\" decoding=\"async\" class=\"alignnone size-full wp-image-31782\" src=\"https:\/\/www.diarioholaveracruz.com.mx\/sitio\/wp-content\/uploads\/2026\/09\/WhatsApp-Image-2026-09-03-at-11.04.28.jpeg\" alt=\"\" width=\"1600\" height=\"900\" srcset=\"https:\/\/www.diarioholaveracruz.com.mx\/sitio\/wp-content\/uploads\/2026\/09\/WhatsApp-Image-2026-09-03-at-11.04.28.jpeg 1600w, https:\/\/www.diarioholaveracruz.com.mx\/sitio\/wp-content\/uploads\/2026\/09\/WhatsApp-Image-2026-09-03-at-11.04.28-300x169.jpeg 300w, https:\/\/www.diarioholaveracruz.com.mx\/sitio\/wp-content\/uploads\/2026\/09\/WhatsApp-Image-2026-09-03-at-11.04.28-1024x576.jpeg 1024w, https:\/\/www.diarioholaveracruz.com.mx\/sitio\/wp-content\/uploads\/2026\/09\/WhatsApp-Image-2026-09-03-at-11.04.28-768x432.jpeg 768w, https:\/\/www.diarioholaveracruz.com.mx\/sitio\/wp-content\/uploads\/2026\/09\/WhatsApp-Image-2026-09-03-at-11.04.28-1536x864.jpeg 1536w, https:\/\/www.diarioholaveracruz.com.mx\/sitio\/wp-content\/uploads\/2026\/09\/WhatsApp-Image-2026-09-03-at-11.04.28-860x484.jpeg 860w, https:\/\/www.diarioholaveracruz.com.mx\/sitio\/wp-content\/uploads\/2026\/09\/WhatsApp-Image-2026-09-03-at-11.04.28-760x428.jpeg 760w\" sizes=\"auto, (max-width: 1600px) 100vw, 1600px\" \/><\/p>\n","protected":false},"excerpt":{"rendered":"<p>&gt;Instala el Comit\u00e9 Promotor de Inversiones para facilitar y acelerar proyectos. Boca del R\u00edo, Ver., jueves 3 de septiembre de 2026.- Veracruz cuenta con una cartera activa de inversi\u00f3n por 4 mil 270 millones de d\u00f3lares, mientras que el Portafolio para la Prosperidad Compartida integra 35 proyectos con un potencial de 11 mil 485 millones [&hellip;]<\/p>\n","protected":false},"author":1,"featured_media":31781,"comment_status":"open","ping_status":"open","sticky":false,"template":"","format":"standard","meta":{"pagelayer_contact_templates":[],"_pagelayer_content":"","footnotes":""},"categories":[84,118,44],"tags":[],"class_list":["post-31776","post","type-post","status-publish","format-standard","has-post-thumbnail","category-boca-del-rio","category-comunicados","category-estatal"],"_links":{"self":[{"href":"https:\/\/www.diarioholaveracruz.com.mx\/sitio\/wp-json\/wp\/v2\/posts\/31776","targetHints":{"allow":["GET"]}}],"collection":[{"href":"https:\/\/www.diarioholaveracruz.com.mx\/sitio\/wp-json\/wp\/v2\/posts"}],"about":[{"href":"https:\/\/www.diarioholaveracruz.com.mx\/sitio\/wp-json\/wp\/v2\/types\/post"}],"author":[{"embeddable":true,"href":"https:\/\/www.diarioholaveracruz.com.mx\/sitio\/wp-json\/wp\/v2\/users\/1"}],"replies":[{"embeddable":true,"href":"https:\/\/www.diarioholaveracruz.com.mx\/sitio\/wp-json\/wp\/v2\/comments?post=31776"}],"version-history":[{"count":1,"href":"https:\/\/www.diarioholaveracruz.com.mx\/sitio\/wp-json\/wp\/v2\/posts\/31776\/revisions"}],"predecessor-version":[{"id":31784,"href":"https:\/\/www.diarioholaveracruz.com.mx\/sitio\/wp-json\/wp\/v2\/posts\/31776\/revisions\/31784"}],"wp:featuredmedia":[{"embeddable":true,"href":"https:\/\/www.diarioholaveracruz.com.mx\/sitio\/wp-json\/wp\/v2\/media\/31781"}],"wp:attachment":[{"href":"https:\/\/www.diarioholaveracruz.com.mx\/sitio\/wp-json\/wp\/v2\/media?parent=31776"}],"wp:term":[{"taxonomy":"category","embeddable":true,"href":"https:\/\/www.diarioholaveracruz.com.mx\/sitio\/wp-json\/wp\/v2\/categories?post=31776"},{"taxonomy":"post_tag","embeddable":true,"href":"https:\/\/www.diarioholaveracruz.com.mx\/sitio\/wp-json\/wp\/v2\/tags?post=31776"}],"curies":[{"name":"wp","href":"https:\/\/api.w.org\/{rel}","templated":true}]}}