{"id":31783,"date":"2026-09-03T12:03:25","date_gmt":"2026-09-03T18:03:25","guid":{"rendered":"https:\/\/www.diarioholaveracruz.com.mx\/sitio\/?p=31783"},"modified":"2026-09-03T12:03:25","modified_gmt":"2026-09-03T18:03:25","slug":"festival-guardianas-del-maiz-homenaje-a-la-diversidad-y-riqueza-culinaria-de-veracruz","status":"publish","type":"post","link":"https:\/\/www.diarioholaveracruz.com.mx\/sitio\/festival-guardianas-del-maiz-homenaje-a-la-diversidad-y-riqueza-culinaria-de-veracruz\/","title":{"rendered":"Festival Guardianas del Ma\u00edz, homenaje a la diversidad y riqueza culinaria de Veracruz"},"content":{"rendered":"<div id=\"diari-1493166724\" class=\"diari-antes-del-contenido diari-entity-placement\" style=\"margin-left: auto;margin-right: auto;text-align: center;\"><a href=\"https:\/\/www.ssaver.gob.mx\/\" aria-label=\"BANNER_315x500-px\"><img loading=\"lazy\" decoding=\"async\" src=\"https:\/\/www.diarioholaveracruz.com.mx\/sitio\/wp-content\/uploads\/2026\/05\/BANNER_315x500-px-1-scaled.png\" alt=\"\"  srcset=\"https:\/\/www.diarioholaveracruz.com.mx\/sitio\/wp-content\/uploads\/2026\/05\/BANNER_315x500-px-1-scaled.png 2560w, https:\/\/www.diarioholaveracruz.com.mx\/sitio\/wp-content\/uploads\/2026\/05\/BANNER_315x500-px-1-300x48.png 300w, https:\/\/www.diarioholaveracruz.com.mx\/sitio\/wp-content\/uploads\/2026\/05\/BANNER_315x500-px-1-1024x163.png 1024w, https:\/\/www.diarioholaveracruz.com.mx\/sitio\/wp-content\/uploads\/2026\/05\/BANNER_315x500-px-1-768x122.png 768w, https:\/\/www.diarioholaveracruz.com.mx\/sitio\/wp-content\/uploads\/2026\/05\/BANNER_315x500-px-1-1536x244.png 1536w, https:\/\/www.diarioholaveracruz.com.mx\/sitio\/wp-content\/uploads\/2026\/05\/BANNER_315x500-px-1-2048x326.png 2048w, https:\/\/www.diarioholaveracruz.com.mx\/sitio\/wp-content\/uploads\/2026\/05\/BANNER_315x500-px-1-860x137.png 860w, https:\/\/www.diarioholaveracruz.com.mx\/sitio\/wp-content\/uploads\/2026\/05\/BANNER_315x500-px-1-760x121.png 760w\" sizes=\"(max-width: 2560px) 100vw, 2560px\" width=\"800\" height=\"107\"   \/><\/a><\/div><p class=\"s9\"><span class=\"s7\">Xalapa, Ver., <\/span><span class=\"s7\">jueves 3<\/span><a name=\"_GoBack\"><\/a><span class=\"s7\"> de septiembre de 2026.-<\/span><span class=\"s10\"> L<\/span><span class=\"s10\">a Secretar\u00eda de Cultura d<\/span><span class=\"s10\">e Veracruz (SECVER)<\/span><span class=\"s10\"> invita <\/span><span class=\"s10\">al Festival Gastron\u00f3<\/span><span class=\"s10\">mico Guardiana<\/span><span class=\"s10\">s del Ma\u00edz, que se llevar\u00e1<\/span><span class=\"s10\"> a cabo los d\u00edas<\/span> <span class=\"s10\">5 y <\/span><span class=\"s10\">6 del presente mes<\/span><span class=\"s10\">, en el Parque Ju\u00e1rez, en el marco del D\u00eda Internacional de la Mujer Ind\u00edgena y <\/span><span class=\"s10\">d<\/span><span class=\"s10\">el D\u00eda Nacional del Ma\u00edz. La entrada es gratuita.<\/span><span class=\"s10\">\u00a0<\/span><\/p><div id=\"diari-1260793416\" class=\"diari-contenido diari-entity-placement\"><a href=\"https:\/\/www.veracruz.gob.mx\/seguridad\/denuncia-ciudadana-y-linea-de-emergencia\/\" aria-label=\"DENUNCIA BANNER 468 X 60\"><img loading=\"lazy\" decoding=\"async\" src=\"https:\/\/www.diarioholaveracruz.com.mx\/sitio\/wp-content\/uploads\/2026\/06\/DENUNCIA-BANNER-468-X-60.jpg\" alt=\"\"  srcset=\"https:\/\/www.diarioholaveracruz.com.mx\/sitio\/wp-content\/uploads\/2026\/06\/DENUNCIA-BANNER-468-X-60.jpg 1872w, https:\/\/www.diarioholaveracruz.com.mx\/sitio\/wp-content\/uploads\/2026\/06\/DENUNCIA-BANNER-468-X-60-300x38.jpg 300w, https:\/\/www.diarioholaveracruz.com.mx\/sitio\/wp-content\/uploads\/2026\/06\/DENUNCIA-BANNER-468-X-60-1024x131.jpg 1024w, https:\/\/www.diarioholaveracruz.com.mx\/sitio\/wp-content\/uploads\/2026\/06\/DENUNCIA-BANNER-468-X-60-768x98.jpg 768w, https:\/\/www.diarioholaveracruz.com.mx\/sitio\/wp-content\/uploads\/2026\/06\/DENUNCIA-BANNER-468-X-60-1536x197.jpg 1536w, https:\/\/www.diarioholaveracruz.com.mx\/sitio\/wp-content\/uploads\/2026\/06\/DENUNCIA-BANNER-468-X-60-860x110.jpg 860w, https:\/\/www.diarioholaveracruz.com.mx\/sitio\/wp-content\/uploads\/2026\/06\/DENUNCIA-BANNER-468-X-60-760x97.jpg 760w\" sizes=\"(max-width: 1872px) 100vw, 1872px\" width=\"1872\" height=\"240\"   \/><\/a><\/div>\n<p class=\"s9\"><span class=\"s10\">Este encuentro cultural y comunitario dise\u00f1ado para salvaguardar y difundir la gastronom\u00eda tradicional veracruzana, busca tambi\u00e9n fortalecer la identidad regional y reconocer el papel fundamental de las comunidades originarias en la preservaci\u00f3n de las semillas nativas.<\/span><\/p>\n<p class=\"s9\"><span class=\"s10\">Incluye<\/span><span class=\"s10\"> una destacada muestra de la diversidad biocultural del estado, congregando la riqueza culinaria<\/span><span class=\"s10\"> y artesanal de municipios como <\/span><span class=\"s10\">Coatepec, Emiliano Zapata, Papantla, Teocelo, Xalapa, <\/span><span class=\"s10\">Xi<\/span><span class=\"s10\">co<\/span><span class=\"s10\"> y <\/span><span class=\"s10\">Zongolica<\/span><span class=\"s10\">, con la participaci\u00f3n<\/span><span class=\"s10\"> de 15 cocine<\/span><span class=\"s10\">ras tradicionales <\/span><span class=\"s10\">de saberes ancestrales y de milenarias t\u00e9<\/span><span class=\"s10\">cnicas de cocina, quienes preparar\u00e1n <\/span><span class=\"s10\">platillos emblem\u00e1ticos elaborados a base de ma\u00edz.\u00a0<\/span><\/p>\n<p class=\"s9\"><span class=\"s10\">Asimismo, el espacio contar<\/span><span class=\"s10\">\u00e1<\/span><span class=\"s10\"> con zonas de exposici<\/span><span class=\"s10\">\u00f3<\/span><span class=\"s10\">n y venta de productos de<\/span><span class=\"s10\"> 20 artesanas y artesanos locales, as<\/span><span class=\"s10\">\u00ed<\/span><span class=\"s10\"> como degustaciones diarias de platillos tradicionales durante los dos d<\/span><span class=\"s10\">\u00ed<\/span><span class=\"s10\">as<\/span><span class=\"s10\">, a partir de la<\/span><span class=\"s10\">s 14:00 horas. Tambi\u00e9n habr\u00e1<\/span> <span class=\"s10\">\u00e1<\/span><span class=\"s10\">reas l<\/span><span class=\"s10\">\u00fa<\/span><span class=\"s10\">dicas e infantiles, que las y los asistentes podr<\/span><span class=\"s10\">\u00e1<\/span><span class=\"s10\">n disfrutar y recorrer en un horario de 09:00 a 20:00 horas.<\/span><\/p>\n<p class=\"s9\"><span class=\"s10\">Se ofrecer\u00e1 una cartelera art\u00edstica y acad\u00e9mica para enriquecer la experiencia del p\u00fablico<\/span><span class=\"s10\">,<\/span><span class=\"s10\"> a trav\u00e9s de ceremonias y rituales tradicionales, conversatorios y conferencias magistrales con chefs y expertos culinarios, as\u00ed como exhibiciones de ballets folcl\u00f3ricos, son jarocho y m\u00fa<\/span><span class=\"s10\">sica tradicional.<\/span><\/p>\n<p class=\"s9\"><span class=\"s10\">Sigue la cuenta oficial de la @<\/span><span class=\"s10\">SECVERoficial<\/span><span class=\"s10\"> para conocer todas las actividades que confirman por qu\u00e9<\/span> <span class=\"s10\">Veracruz<\/span><span class=\"s10\"> e<\/span><span class=\"s10\">st\u00e1<\/span><span class=\"s10\"> de <\/span><span class=\"s10\">m<\/span><span class=\"s10\">oda.<\/span><\/p>\n<p class=\"s11\"><span class=\"s10\">\u00a0<\/span><\/p>\n","protected":false},"excerpt":{"rendered":"<p>Xalapa, Ver., jueves 3 de septiembre de 2026.- La Secretar\u00eda de Cultura de Veracruz (SECVER) invita al Festival Gastron\u00f3mico Guardianas del Ma\u00edz, que se llevar\u00e1 a cabo los d\u00edas 5 y 6 del presente mes, en el Parque Ju\u00e1rez, en el marco del D\u00eda Internacional de la Mujer Ind\u00edgena y del D\u00eda Nacional del Ma\u00edz. [&hellip;]<\/p>\n","protected":false},"author":1,"featured_media":31788,"comment_status":"open","ping_status":"open","sticky":false,"template":"","format":"standard","meta":{"pagelayer_contact_templates":[],"_pagelayer_content":"","footnotes":""},"categories":[118,44,85],"tags":[],"class_list":["post-31783","post","type-post","status-publish","format-standard","has-post-thumbnail","category-comunicados","category-estatal","category-xalapa"],"_links":{"self":[{"href":"https:\/\/www.diarioholaveracruz.com.mx\/sitio\/wp-json\/wp\/v2\/posts\/31783","targetHints":{"allow":["GET"]}}],"collection":[{"href":"https:\/\/www.diarioholaveracruz.com.mx\/sitio\/wp-json\/wp\/v2\/posts"}],"about":[{"href":"https:\/\/www.diarioholaveracruz.com.mx\/sitio\/wp-json\/wp\/v2\/types\/post"}],"author":[{"embeddable":true,"href":"https:\/\/www.diarioholaveracruz.com.mx\/sitio\/wp-json\/wp\/v2\/users\/1"}],"replies":[{"embeddable":true,"href":"https:\/\/www.diarioholaveracruz.com.mx\/sitio\/wp-json\/wp\/v2\/comments?post=31783"}],"version-history":[{"count":1,"href":"https:\/\/www.diarioholaveracruz.com.mx\/sitio\/wp-json\/wp\/v2\/posts\/31783\/revisions"}],"predecessor-version":[{"id":31791,"href":"https:\/\/www.diarioholaveracruz.com.mx\/sitio\/wp-json\/wp\/v2\/posts\/31783\/revisions\/31791"}],"wp:featuredmedia":[{"embeddable":true,"href":"https:\/\/www.diarioholaveracruz.com.mx\/sitio\/wp-json\/wp\/v2\/media\/31788"}],"wp:attachment":[{"href":"https:\/\/www.diarioholaveracruz.com.mx\/sitio\/wp-json\/wp\/v2\/media?parent=31783"}],"wp:term":[{"taxonomy":"category","embeddable":true,"href":"https:\/\/www.diarioholaveracruz.com.mx\/sitio\/wp-json\/wp\/v2\/categories?post=31783"},{"taxonomy":"post_tag","embeddable":true,"href":"https:\/\/www.diarioholaveracruz.com.mx\/sitio\/wp-json\/wp\/v2\/tags?post=31783"}],"curies":[{"name":"wp","href":"https:\/\/api.w.org\/{rel}","templated":true}]}}