{"id":31810,"date":"2026-09-03T19:39:33","date_gmt":"2026-09-04T01:39:33","guid":{"rendered":"https:\/\/www.diarioholaveracruz.com.mx\/sitio\/?p=31810"},"modified":"2026-09-03T19:39:33","modified_gmt":"2026-09-04T01:39:33","slug":"alista-veracruz-una-gran-celebracion-por-el-grito-de-independencia","status":"publish","type":"post","link":"https:\/\/www.diarioholaveracruz.com.mx\/sitio\/alista-veracruz-una-gran-celebracion-por-el-grito-de-independencia\/","title":{"rendered":"Alista Veracruz una gran celebraci\u00f3n por el Grito de Independencia"},"content":{"rendered":"<div id=\"diari-1646506562\" class=\"diari-antes-del-contenido diari-entity-placement\" style=\"margin-left: auto;margin-right: auto;text-align: center;\"><a href=\"https:\/\/www.ssaver.gob.mx\/\" aria-label=\"BANNER_315x500-px\"><img loading=\"lazy\" decoding=\"async\" src=\"https:\/\/www.diarioholaveracruz.com.mx\/sitio\/wp-content\/uploads\/2026\/05\/BANNER_315x500-px-1-scaled.png\" alt=\"\"  srcset=\"https:\/\/www.diarioholaveracruz.com.mx\/sitio\/wp-content\/uploads\/2026\/05\/BANNER_315x500-px-1-scaled.png 2560w, https:\/\/www.diarioholaveracruz.com.mx\/sitio\/wp-content\/uploads\/2026\/05\/BANNER_315x500-px-1-300x48.png 300w, https:\/\/www.diarioholaveracruz.com.mx\/sitio\/wp-content\/uploads\/2026\/05\/BANNER_315x500-px-1-1024x163.png 1024w, https:\/\/www.diarioholaveracruz.com.mx\/sitio\/wp-content\/uploads\/2026\/05\/BANNER_315x500-px-1-768x122.png 768w, https:\/\/www.diarioholaveracruz.com.mx\/sitio\/wp-content\/uploads\/2026\/05\/BANNER_315x500-px-1-1536x244.png 1536w, https:\/\/www.diarioholaveracruz.com.mx\/sitio\/wp-content\/uploads\/2026\/05\/BANNER_315x500-px-1-2048x326.png 2048w, https:\/\/www.diarioholaveracruz.com.mx\/sitio\/wp-content\/uploads\/2026\/05\/BANNER_315x500-px-1-860x137.png 860w, https:\/\/www.diarioholaveracruz.com.mx\/sitio\/wp-content\/uploads\/2026\/05\/BANNER_315x500-px-1-760x121.png 760w\" sizes=\"(max-width: 2560px) 100vw, 2560px\" width=\"800\" height=\"107\"   \/><\/a><\/div><p class=\"s7\"><span class=\"s4\">&gt;Oli<\/span><a name=\"_GoBack\"><\/a><span class=\"s4\">via Gorra, Nelson <\/span><span class=\"s4\">Kanzela<\/span><span class=\"s4\"> y Ca\u00f1averal encabezar\u00e1n la celebraci\u00f3n del 15 de septiembre en Plaza Lerdo.<\/span><\/p><div id=\"diari-690157584\" class=\"diari-contenido diari-entity-placement\"><a href=\"https:\/\/www.veracruz.gob.mx\/seguridad\/denuncia-ciudadana-y-linea-de-emergencia\/\" aria-label=\"DENUNCIA BANNER 468 X 60\"><img loading=\"lazy\" decoding=\"async\" src=\"https:\/\/www.diarioholaveracruz.com.mx\/sitio\/wp-content\/uploads\/2026\/06\/DENUNCIA-BANNER-468-X-60.jpg\" alt=\"\"  srcset=\"https:\/\/www.diarioholaveracruz.com.mx\/sitio\/wp-content\/uploads\/2026\/06\/DENUNCIA-BANNER-468-X-60.jpg 1872w, https:\/\/www.diarioholaveracruz.com.mx\/sitio\/wp-content\/uploads\/2026\/06\/DENUNCIA-BANNER-468-X-60-300x38.jpg 300w, https:\/\/www.diarioholaveracruz.com.mx\/sitio\/wp-content\/uploads\/2026\/06\/DENUNCIA-BANNER-468-X-60-1024x131.jpg 1024w, https:\/\/www.diarioholaveracruz.com.mx\/sitio\/wp-content\/uploads\/2026\/06\/DENUNCIA-BANNER-468-X-60-768x98.jpg 768w, https:\/\/www.diarioholaveracruz.com.mx\/sitio\/wp-content\/uploads\/2026\/06\/DENUNCIA-BANNER-468-X-60-1536x197.jpg 1536w, https:\/\/www.diarioholaveracruz.com.mx\/sitio\/wp-content\/uploads\/2026\/06\/DENUNCIA-BANNER-468-X-60-860x110.jpg 860w, https:\/\/www.diarioholaveracruz.com.mx\/sitio\/wp-content\/uploads\/2026\/06\/DENUNCIA-BANNER-468-X-60-760x97.jpg 760w\" sizes=\"(max-width: 1872px) 100vw, 1872px\" width=\"1872\" height=\"240\"   \/><\/a><\/div>\n<p class=\"s7\"><span class=\"s5\">Xalapa, Ver., jueves 3 de septiembre de 2026.-<\/span> <span class=\"s4\">El Gobierno del Estado <\/span><span class=\"s4\">anunci\u00f3<\/span><span class=\"s4\"> las actividades c\u00edvicas, culturales y art\u00edsticas que se desarrollar\u00e1n durante septiembre para conmemorar las fechas que integran el calendario patrio<\/span><span class=\"s4\">.<\/span><\/p>\n<p class=\"s7\"><span class=\"s4\">El secretario de Gobierno, Ricardo Ahued <\/span><span class=\"s4\">Bardahuil<\/span><span class=\"s4\">, inform\u00f3 que los eventos c\u00edvicos iniciaron el pasado 1 de septiembre con las Guardias de Honor y continuar\u00e1n durante todo el mes. <\/span><span class=\"s4\">Tambi\u00e9n el<\/span><span class=\"s4\"> aniversario de la Gesta Heroica de los Ni\u00f1os H\u00e9roes, el 13 de septiembre; la ceremonia del Grito de Independencia, el d\u00eda 15, y el Desfile C\u00edvico-Militar, el 16.<\/span><\/p>\n<p class=\"s7\"><span class=\"s4\">Por su parte, la secretaria de Cultura, X\u00f3chitl Molina Gonz\u00e1lez, present\u00f3 el programa cultural y art\u00edstico preparado para la noche del 15 de septiembre en Plaza Lerdo, e invit\u00f3 a las familias veracruzanas y visitantes a disfrutar de una celebraci\u00f3n llena de m\u00fasica, tradici\u00f3n y cultura.<\/span><\/p>\n<p class=\"s7\"><span class=\"s4\">La jornada iniciar\u00e1 <\/span><span class=\"s4\">a las 16:00 horas con l<\/span><span class=\"s4\">a presentaci\u00f3n del Mariachi <\/span><span class=\"s4\">Cuic<\/span><span class=\"s4\">al<\/span><span class=\"s4\">li<\/span><span class=\"s4\">; a<\/span><span class=\"s4\"> las 17:00 horas se contar\u00e1 con la participac<\/span><span class=\"s4\">i\u00f3n de las artistas <\/span><span class=\"s4\">\u00c1frikka<\/span> <span class=\"s4\">Merith<\/span><span class=\"s4\"> y Geraldine Pedroz<\/span><span class=\"s4\">a<\/span><span class=\"s4\">; posteriormente, a las 18:00 horas, <\/span><span class=\"s4\">se presentar\u00e1 el grupo <\/span><span class=\"s4\">Tlen-Huicani<\/span><span class=\"s4\">.<\/span><\/p>\n<p class=\"s7\"><span class=\"s4\">A las 19:00<\/span><span class=\"s4\"> horas ser\u00e1 el turno de Agua Mala<\/span><span class=\"s4\">, mientras que a las 20:30 horas<\/span><span class=\"s4\">, <\/span><span class=\"s4\">la presentaci\u00f3n de la soprano veracruzana Olivia Gorra, acompa\u00f1ada por la Banda Sinf<\/span><span class=\"s4\">\u00f3nica del Gobierno del Estado; a<\/span><span class=\"s4\"> las 21:3<\/span><span class=\"s4\">0 horas se presentar\u00e1 el rey del baile, Nelson <\/span><span class=\"s4\">Kanz<\/span><span class=\"s4\">ela<\/span><span class=\"s4\">.<\/span><\/p>\n<p class=\"s7\"><span class=\"s4\">Posteriormente, la <\/span><span class=\"s4\">gobernadora Roc\u00edo Nahle Garc\u00eda encabezar\u00e1 el<\/span><span class=\"s4\"> Grito de Independenci<\/span><span class=\"s4\">a y a<\/span><span class=\"s4\">l t\u00e9rmino de esta ceremonia, el grupo Ca\u00f1averal ser\u00e1 el encargado de amenizar la celebraci\u00f3n.<\/span><span class=\"s4\"> Adicionalmente, se contar\u00e1 con la participaci\u00f3n de la <\/span><span class=\"s4\">Marching<\/span><span class=\"s4\">Band Delfines y el performance jarocho Popurr\u00ed Veracruz de Moda.<\/span><\/p>\n<p class=\"s7\"><span class=\"s4\">El Secretario de Gobierno<\/span><span class=\"s4\"> destac\u00f3 que se espera una importante afluencia de familias, por <\/span><span class=\"s4\">ello, las secretar\u00edas de Protecci\u00f3n Civil, <\/span><span class=\"s4\">Seguridad P\u00fablica <\/span><span class=\"s4\">y Salud trabajan coordinadamente <\/span><span class=\"s4\">para garantizar <\/span><span class=\"s4\">que<\/span><span class=\"s4\"> las actividades se<\/span><span class=\"s4\"> desarrollen de manera ordenada y segura.<\/span><\/p>\n<p class=\"s7\"><span class=\"s4\">Por \u00faltimo, hizo<\/span><span class=\"s4\"> un llamado a la ciudadan\u00eda a disfrutar respo<\/span><span class=\"s4\">nsablemente de esta celebraci\u00f3n y<\/span><span class=\"s4\"> atender las indicaciones <\/span><span class=\"s4\">las autoridades.<\/span><\/p>\n<p><img loading=\"lazy\" loading=\"lazy\" decoding=\"async\" class=\"alignnone size-full wp-image-31813\" src=\"https:\/\/www.diarioholaveracruz.com.mx\/sitio\/wp-content\/uploads\/2026\/09\/WhatsApp-Image-2026-09-03-at-15.12.58-1.jpeg\" alt=\"\" width=\"1024\" height=\"1280\" srcset=\"https:\/\/www.diarioholaveracruz.com.mx\/sitio\/wp-content\/uploads\/2026\/09\/WhatsApp-Image-2026-09-03-at-15.12.58-1.jpeg 1024w, https:\/\/www.diarioholaveracruz.com.mx\/sitio\/wp-content\/uploads\/2026\/09\/WhatsApp-Image-2026-09-03-at-15.12.58-1-240x300.jpeg 240w, https:\/\/www.diarioholaveracruz.com.mx\/sitio\/wp-content\/uploads\/2026\/09\/WhatsApp-Image-2026-09-03-at-15.12.58-1-819x1024.jpeg 819w, https:\/\/www.diarioholaveracruz.com.mx\/sitio\/wp-content\/uploads\/2026\/09\/WhatsApp-Image-2026-09-03-at-15.12.58-1-768x960.jpeg 768w, https:\/\/www.diarioholaveracruz.com.mx\/sitio\/wp-content\/uploads\/2026\/09\/WhatsApp-Image-2026-09-03-at-15.12.58-1-860x1075.jpeg 860w, https:\/\/www.diarioholaveracruz.com.mx\/sitio\/wp-content\/uploads\/2026\/09\/WhatsApp-Image-2026-09-03-at-15.12.58-1-760x950.jpeg 760w\" sizes=\"auto, (max-width: 1024px) 100vw, 1024px\" \/> <img loading=\"lazy\" loading=\"lazy\" decoding=\"async\" class=\"alignnone size-full wp-image-31814\" src=\"https:\/\/www.diarioholaveracruz.com.mx\/sitio\/wp-content\/uploads\/2026\/09\/WhatsApp-Image-2026-09-03-at-15.12.58.jpeg\" alt=\"\" width=\"2048\" height=\"2560\" srcset=\"https:\/\/www.diarioholaveracruz.com.mx\/sitio\/wp-content\/uploads\/2026\/09\/WhatsApp-Image-2026-09-03-at-15.12.58.jpeg 2048w, https:\/\/www.diarioholaveracruz.com.mx\/sitio\/wp-content\/uploads\/2026\/09\/WhatsApp-Image-2026-09-03-at-15.12.58-240x300.jpeg 240w, https:\/\/www.diarioholaveracruz.com.mx\/sitio\/wp-content\/uploads\/2026\/09\/WhatsApp-Image-2026-09-03-at-15.12.58-819x1024.jpeg 819w, https:\/\/www.diarioholaveracruz.com.mx\/sitio\/wp-content\/uploads\/2026\/09\/WhatsApp-Image-2026-09-03-at-15.12.58-768x960.jpeg 768w, https:\/\/www.diarioholaveracruz.com.mx\/sitio\/wp-content\/uploads\/2026\/09\/WhatsApp-Image-2026-09-03-at-15.12.58-1229x1536.jpeg 1229w, https:\/\/www.diarioholaveracruz.com.mx\/sitio\/wp-content\/uploads\/2026\/09\/WhatsApp-Image-2026-09-03-at-15.12.58-1638x2048.jpeg 1638w, https:\/\/www.diarioholaveracruz.com.mx\/sitio\/wp-content\/uploads\/2026\/09\/WhatsApp-Image-2026-09-03-at-15.12.58-860x1075.jpeg 860w, https:\/\/www.diarioholaveracruz.com.mx\/sitio\/wp-content\/uploads\/2026\/09\/WhatsApp-Image-2026-09-03-at-15.12.58-1536x1920.jpeg 1536w, https:\/\/www.diarioholaveracruz.com.mx\/sitio\/wp-content\/uploads\/2026\/09\/WhatsApp-Image-2026-09-03-at-15.12.58-760x950.jpeg 760w\" sizes=\"auto, (max-width: 2048px) 100vw, 2048px\" \/><\/p>\n","protected":false},"excerpt":{"rendered":"<p>&gt;Olivia Gorra, Nelson Kanzela y Ca\u00f1averal encabezar\u00e1n la celebraci\u00f3n del 15 de septiembre en Plaza Lerdo. Xalapa, Ver., jueves 3 de septiembre de 2026.- El Gobierno del Estado anunci\u00f3 las actividades c\u00edvicas, culturales y art\u00edsticas que se desarrollar\u00e1n durante septiembre para conmemorar las fechas que integran el calendario patrio. El secretario de Gobierno, Ricardo Ahued [&hellip;]<\/p>\n","protected":false},"author":1,"featured_media":31815,"comment_status":"open","ping_status":"open","sticky":false,"template":"","format":"standard","meta":{"pagelayer_contact_templates":[],"_pagelayer_content":"","footnotes":""},"categories":[118,85],"tags":[],"class_list":["post-31810","post","type-post","status-publish","format-standard","has-post-thumbnail","category-comunicados","category-xalapa"],"_links":{"self":[{"href":"https:\/\/www.diarioholaveracruz.com.mx\/sitio\/wp-json\/wp\/v2\/posts\/31810","targetHints":{"allow":["GET"]}}],"collection":[{"href":"https:\/\/www.diarioholaveracruz.com.mx\/sitio\/wp-json\/wp\/v2\/posts"}],"about":[{"href":"https:\/\/www.diarioholaveracruz.com.mx\/sitio\/wp-json\/wp\/v2\/types\/post"}],"author":[{"embeddable":true,"href":"https:\/\/www.diarioholaveracruz.com.mx\/sitio\/wp-json\/wp\/v2\/users\/1"}],"replies":[{"embeddable":true,"href":"https:\/\/www.diarioholaveracruz.com.mx\/sitio\/wp-json\/wp\/v2\/comments?post=31810"}],"version-history":[{"count":1,"href":"https:\/\/www.diarioholaveracruz.com.mx\/sitio\/wp-json\/wp\/v2\/posts\/31810\/revisions"}],"predecessor-version":[{"id":31816,"href":"https:\/\/www.diarioholaveracruz.com.mx\/sitio\/wp-json\/wp\/v2\/posts\/31810\/revisions\/31816"}],"wp:featuredmedia":[{"embeddable":true,"href":"https:\/\/www.diarioholaveracruz.com.mx\/sitio\/wp-json\/wp\/v2\/media\/31815"}],"wp:attachment":[{"href":"https:\/\/www.diarioholaveracruz.com.mx\/sitio\/wp-json\/wp\/v2\/media?parent=31810"}],"wp:term":[{"taxonomy":"category","embeddable":true,"href":"https:\/\/www.diarioholaveracruz.com.mx\/sitio\/wp-json\/wp\/v2\/categories?post=31810"},{"taxonomy":"post_tag","embeddable":true,"href":"https:\/\/www.diarioholaveracruz.com.mx\/sitio\/wp-json\/wp\/v2\/tags?post=31810"}],"curies":[{"name":"wp","href":"https:\/\/api.w.org\/{rel}","templated":true}]}}