{"id":31872,"date":"2026-09-04T12:01:39","date_gmt":"2026-09-04T18:01:39","guid":{"rendered":"https:\/\/www.diarioholaveracruz.com.mx\/sitio\/?p=31872"},"modified":"2026-09-04T12:01:39","modified_gmt":"2026-09-04T18:01:39","slug":"vive-veracruz-a-traves-de-sus-comunidades-y-tradiciones","status":"publish","type":"post","link":"https:\/\/www.diarioholaveracruz.com.mx\/sitio\/vive-veracruz-a-traves-de-sus-comunidades-y-tradiciones\/","title":{"rendered":"Vive Veracruz a trav\u00e9s de sus comunidades y tradiciones"},"content":{"rendered":"<div id=\"diari-194689694\" class=\"diari-antes-del-contenido diari-entity-placement\" style=\"margin-left: auto;margin-right: auto;text-align: center;\"><a href=\"https:\/\/www.ssaver.gob.mx\/\" aria-label=\"BANNER_315x500-px\"><img loading=\"lazy\" decoding=\"async\" src=\"https:\/\/www.diarioholaveracruz.com.mx\/sitio\/wp-content\/uploads\/2026\/05\/BANNER_315x500-px-1-scaled.png\" alt=\"\"  srcset=\"https:\/\/www.diarioholaveracruz.com.mx\/sitio\/wp-content\/uploads\/2026\/05\/BANNER_315x500-px-1-scaled.png 2560w, https:\/\/www.diarioholaveracruz.com.mx\/sitio\/wp-content\/uploads\/2026\/05\/BANNER_315x500-px-1-300x48.png 300w, https:\/\/www.diarioholaveracruz.com.mx\/sitio\/wp-content\/uploads\/2026\/05\/BANNER_315x500-px-1-1024x163.png 1024w, https:\/\/www.diarioholaveracruz.com.mx\/sitio\/wp-content\/uploads\/2026\/05\/BANNER_315x500-px-1-768x122.png 768w, https:\/\/www.diarioholaveracruz.com.mx\/sitio\/wp-content\/uploads\/2026\/05\/BANNER_315x500-px-1-1536x244.png 1536w, https:\/\/www.diarioholaveracruz.com.mx\/sitio\/wp-content\/uploads\/2026\/05\/BANNER_315x500-px-1-2048x326.png 2048w, https:\/\/www.diarioholaveracruz.com.mx\/sitio\/wp-content\/uploads\/2026\/05\/BANNER_315x500-px-1-860x137.png 860w, https:\/\/www.diarioholaveracruz.com.mx\/sitio\/wp-content\/uploads\/2026\/05\/BANNER_315x500-px-1-760x121.png 760w\" sizes=\"(max-width: 2560px) 100vw, 2560px\" width=\"800\" height=\"107\"   \/><\/a><\/div><p class=\"s7\"><span class=\"s4\">&gt;Experiencias de naturaleza y tradiciones de las comunidades de forma autentica.<\/span><span class=\"s4\">\u00a0<\/span><\/p><div id=\"diari-1864505142\" class=\"diari-contenido diari-entity-placement\"><a href=\"https:\/\/www.veracruz.gob.mx\/seguridad\/denuncia-ciudadana-y-linea-de-emergencia\/\" aria-label=\"DENUNCIA BANNER 468 X 60\"><img loading=\"lazy\" decoding=\"async\" src=\"https:\/\/www.diarioholaveracruz.com.mx\/sitio\/wp-content\/uploads\/2026\/06\/DENUNCIA-BANNER-468-X-60.jpg\" alt=\"\"  srcset=\"https:\/\/www.diarioholaveracruz.com.mx\/sitio\/wp-content\/uploads\/2026\/06\/DENUNCIA-BANNER-468-X-60.jpg 1872w, https:\/\/www.diarioholaveracruz.com.mx\/sitio\/wp-content\/uploads\/2026\/06\/DENUNCIA-BANNER-468-X-60-300x38.jpg 300w, https:\/\/www.diarioholaveracruz.com.mx\/sitio\/wp-content\/uploads\/2026\/06\/DENUNCIA-BANNER-468-X-60-1024x131.jpg 1024w, https:\/\/www.diarioholaveracruz.com.mx\/sitio\/wp-content\/uploads\/2026\/06\/DENUNCIA-BANNER-468-X-60-768x98.jpg 768w, https:\/\/www.diarioholaveracruz.com.mx\/sitio\/wp-content\/uploads\/2026\/06\/DENUNCIA-BANNER-468-X-60-1536x197.jpg 1536w, https:\/\/www.diarioholaveracruz.com.mx\/sitio\/wp-content\/uploads\/2026\/06\/DENUNCIA-BANNER-468-X-60-860x110.jpg 860w, https:\/\/www.diarioholaveracruz.com.mx\/sitio\/wp-content\/uploads\/2026\/06\/DENUNCIA-BANNER-468-X-60-760x97.jpg 760w\" sizes=\"(max-width: 1872px) 100vw, 1872px\" width=\"1872\" height=\"240\"   \/><\/a><\/div>\n<p class=\"s7\"><span class=\"s5\">Xalapa, Ver., viernes 4<\/span><a name=\"_GoBack\"><\/a><span class=\"s5\"> de septiembre de 2026.-<\/span><span class=\"s4\"> Conoce cuatro de las experiencias que forman parte del Cat\u00e1logo Nacional de Experiencias Tur\u00edsticas Comunitarias y que puedes vivir en Veracruz, una oportunidad para acercarte a los saberes, actividades y formas de vida que las comunidades comparten con quienes las visitan.<\/span><\/p>\n<p class=\"s7\"><span class=\"s4\">En la regi\u00f3n Totonaca, ac\u00e9rcate al Centro de las Artes Ind\u00edgenas, donde sus casas-escuelas mantienen vivos conocimientos, artes, t\u00e9cnicas, valores y la lengua del pueblo totonaca. Durante tu visita podr\u00e1s conocer algunas de sus pr\u00e1cticas, como el telar de cintura y el trabajo con algod\u00f3n y barro, adem\u00e1s de degustar sabores tradicionales, mientras descubres un espacio dedicado a la transmisi\u00f3n de su cultura y la conservaci\u00f3n de su entorno.<\/span><span class=\"s4\">\u00a0<\/span><\/p>\n<p class=\"s7\"><span class=\"s4\">Si visitas la regi\u00f3n Cultura y Aventura, conoce otra forma de relacionarte con el entorno a trav\u00e9s de la apicultura. En Teocelo, el Parque Tem\u00e1tico La Colmena <\/span><span class=\"s4\">Palajos<\/span><span class=\"s4\"> te acerca al trabajo de productores de la comunidad y al cuidado de las abejas y las colmenas. Entre las actividades que puedes realizar se encuentran la visita al Museo del Apicultor, la elaboraci\u00f3n de productos artesanales y la degustaci\u00f3n de platillos preparados con miel.<\/span><\/p>\n<p class=\"s7\"><span class=\"s4\">En las Altas Monta\u00f1as, descubre parte del proceso detr\u00e1s de una taza de caf\u00e9 en la Ruta del Caf\u00e9 de Tepatlaxco. A trav\u00e9s de un taller de cosecha podr\u00e1s conocer de cerca el trabajo <\/span><span class=\"s4\">de productores locales y los saberes relacionados con esta actividad. Adem\u00e1s, entre las opciones para disfrutar de tu estancia se encuentran los recorridos por miradores y el entorno natural de El Boquer\u00f3n.<\/span><\/p>\n<p class=\"s7\"><span class=\"s4\">En la regi\u00f3n Olmeca, Ecoturismo <\/span><span class=\"s4\">Jomxuk<\/span><span class=\"s4\"> te invita a tener un encuentro con la cultura y la naturaleza. Una limpia espiritual, la gastronom\u00eda y el descanso en sus confortables caba\u00f1as son solo algunas de las opciones que podr\u00e1s disfrutar para conocer las costumbres y la vida cotidiana de la comunidad.<\/span><\/p>\n<p class=\"s7\"><span class=\"s4\">El Turismo Comunitario es un modelo alternativo que desarrolla experiencias inmersivas y \u00fanicas, al mismo tiempo que promueve el respeto por la diversidad cultural y natural de las regiones.<\/span><\/p>\n<p><img loading=\"lazy\" loading=\"lazy\" decoding=\"async\" class=\"alignnone size-full wp-image-31875\" src=\"https:\/\/www.diarioholaveracruz.com.mx\/sitio\/wp-content\/uploads\/2026\/09\/WhatsApp-Image-2026-09-04-at-08.19.53.jpeg\" alt=\"\" width=\"1475\" height=\"830\" srcset=\"https:\/\/www.diarioholaveracruz.com.mx\/sitio\/wp-content\/uploads\/2026\/09\/WhatsApp-Image-2026-09-04-at-08.19.53.jpeg 1475w, https:\/\/www.diarioholaveracruz.com.mx\/sitio\/wp-content\/uploads\/2026\/09\/WhatsApp-Image-2026-09-04-at-08.19.53-300x169.jpeg 300w, https:\/\/www.diarioholaveracruz.com.mx\/sitio\/wp-content\/uploads\/2026\/09\/WhatsApp-Image-2026-09-04-at-08.19.53-1024x576.jpeg 1024w, https:\/\/www.diarioholaveracruz.com.mx\/sitio\/wp-content\/uploads\/2026\/09\/WhatsApp-Image-2026-09-04-at-08.19.53-768x432.jpeg 768w, https:\/\/www.diarioholaveracruz.com.mx\/sitio\/wp-content\/uploads\/2026\/09\/WhatsApp-Image-2026-09-04-at-08.19.53-860x484.jpeg 860w, https:\/\/www.diarioholaveracruz.com.mx\/sitio\/wp-content\/uploads\/2026\/09\/WhatsApp-Image-2026-09-04-at-08.19.53-760x428.jpeg 760w\" sizes=\"auto, (max-width: 1475px) 100vw, 1475px\" \/> <img loading=\"lazy\" loading=\"lazy\" decoding=\"async\" class=\"alignnone size-full wp-image-31877\" src=\"https:\/\/www.diarioholaveracruz.com.mx\/sitio\/wp-content\/uploads\/2026\/09\/WhatsApp-Image-2026-09-04-at-08.19.52-1.jpeg\" alt=\"\" width=\"1254\" height=\"1254\" srcset=\"https:\/\/www.diarioholaveracruz.com.mx\/sitio\/wp-content\/uploads\/2026\/09\/WhatsApp-Image-2026-09-04-at-08.19.52-1.jpeg 1254w, https:\/\/www.diarioholaveracruz.com.mx\/sitio\/wp-content\/uploads\/2026\/09\/WhatsApp-Image-2026-09-04-at-08.19.52-1-300x300.jpeg 300w, https:\/\/www.diarioholaveracruz.com.mx\/sitio\/wp-content\/uploads\/2026\/09\/WhatsApp-Image-2026-09-04-at-08.19.52-1-1024x1024.jpeg 1024w, https:\/\/www.diarioholaveracruz.com.mx\/sitio\/wp-content\/uploads\/2026\/09\/WhatsApp-Image-2026-09-04-at-08.19.52-1-150x150.jpeg 150w, https:\/\/www.diarioholaveracruz.com.mx\/sitio\/wp-content\/uploads\/2026\/09\/WhatsApp-Image-2026-09-04-at-08.19.52-1-768x768.jpeg 768w, https:\/\/www.diarioholaveracruz.com.mx\/sitio\/wp-content\/uploads\/2026\/09\/WhatsApp-Image-2026-09-04-at-08.19.52-1-860x860.jpeg 860w, https:\/\/www.diarioholaveracruz.com.mx\/sitio\/wp-content\/uploads\/2026\/09\/WhatsApp-Image-2026-09-04-at-08.19.52-1-760x760.jpeg 760w, https:\/\/www.diarioholaveracruz.com.mx\/sitio\/wp-content\/uploads\/2026\/09\/WhatsApp-Image-2026-09-04-at-08.19.52-1-110x110.jpeg 110w\" sizes=\"auto, (max-width: 1254px) 100vw, 1254px\" \/> <img loading=\"lazy\" loading=\"lazy\" decoding=\"async\" class=\"alignnone size-full wp-image-31878\" src=\"https:\/\/www.diarioholaveracruz.com.mx\/sitio\/wp-content\/uploads\/2026\/09\/WhatsApp-Image-2026-09-04-at-08.19.52.jpeg\" alt=\"\" width=\"1475\" height=\"830\" srcset=\"https:\/\/www.diarioholaveracruz.com.mx\/sitio\/wp-content\/uploads\/2026\/09\/WhatsApp-Image-2026-09-04-at-08.19.52.jpeg 1475w, https:\/\/www.diarioholaveracruz.com.mx\/sitio\/wp-content\/uploads\/2026\/09\/WhatsApp-Image-2026-09-04-at-08.19.52-300x169.jpeg 300w, https:\/\/www.diarioholaveracruz.com.mx\/sitio\/wp-content\/uploads\/2026\/09\/WhatsApp-Image-2026-09-04-at-08.19.52-1024x576.jpeg 1024w, https:\/\/www.diarioholaveracruz.com.mx\/sitio\/wp-content\/uploads\/2026\/09\/WhatsApp-Image-2026-09-04-at-08.19.52-768x432.jpeg 768w, https:\/\/www.diarioholaveracruz.com.mx\/sitio\/wp-content\/uploads\/2026\/09\/WhatsApp-Image-2026-09-04-at-08.19.52-860x484.jpeg 860w, https:\/\/www.diarioholaveracruz.com.mx\/sitio\/wp-content\/uploads\/2026\/09\/WhatsApp-Image-2026-09-04-at-08.19.52-760x428.jpeg 760w\" sizes=\"auto, (max-width: 1475px) 100vw, 1475px\" \/><\/p>\n","protected":false},"excerpt":{"rendered":"<p>&gt;Experiencias de naturaleza y tradiciones de las comunidades de forma autentica.\u00a0 Xalapa, Ver., viernes 4 de septiembre de 2026.- Conoce cuatro de las experiencias que forman parte del Cat\u00e1logo Nacional de Experiencias Tur\u00edsticas Comunitarias y que puedes vivir en Veracruz, una oportunidad para acercarte a los saberes, actividades y formas de vida que las comunidades [&hellip;]<\/p>\n","protected":false},"author":1,"featured_media":31878,"comment_status":"open","ping_status":"open","sticky":false,"template":"","format":"standard","meta":{"pagelayer_contact_templates":[],"_pagelayer_content":"","footnotes":""},"categories":[118,85],"tags":[],"class_list":["post-31872","post","type-post","status-publish","format-standard","has-post-thumbnail","category-comunicados","category-xalapa"],"_links":{"self":[{"href":"https:\/\/www.diarioholaveracruz.com.mx\/sitio\/wp-json\/wp\/v2\/posts\/31872","targetHints":{"allow":["GET"]}}],"collection":[{"href":"https:\/\/www.diarioholaveracruz.com.mx\/sitio\/wp-json\/wp\/v2\/posts"}],"about":[{"href":"https:\/\/www.diarioholaveracruz.com.mx\/sitio\/wp-json\/wp\/v2\/types\/post"}],"author":[{"embeddable":true,"href":"https:\/\/www.diarioholaveracruz.com.mx\/sitio\/wp-json\/wp\/v2\/users\/1"}],"replies":[{"embeddable":true,"href":"https:\/\/www.diarioholaveracruz.com.mx\/sitio\/wp-json\/wp\/v2\/comments?post=31872"}],"version-history":[{"count":1,"href":"https:\/\/www.diarioholaveracruz.com.mx\/sitio\/wp-json\/wp\/v2\/posts\/31872\/revisions"}],"predecessor-version":[{"id":31881,"href":"https:\/\/www.diarioholaveracruz.com.mx\/sitio\/wp-json\/wp\/v2\/posts\/31872\/revisions\/31881"}],"wp:featuredmedia":[{"embeddable":true,"href":"https:\/\/www.diarioholaveracruz.com.mx\/sitio\/wp-json\/wp\/v2\/media\/31878"}],"wp:attachment":[{"href":"https:\/\/www.diarioholaveracruz.com.mx\/sitio\/wp-json\/wp\/v2\/media?parent=31872"}],"wp:term":[{"taxonomy":"category","embeddable":true,"href":"https:\/\/www.diarioholaveracruz.com.mx\/sitio\/wp-json\/wp\/v2\/categories?post=31872"},{"taxonomy":"post_tag","embeddable":true,"href":"https:\/\/www.diarioholaveracruz.com.mx\/sitio\/wp-json\/wp\/v2\/tags?post=31872"}],"curies":[{"name":"wp","href":"https:\/\/api.w.org\/{rel}","templated":true}]}}