{"id":31895,"date":"2026-09-04T14:30:46","date_gmt":"2026-09-04T20:30:46","guid":{"rendered":"https:\/\/www.diarioholaveracruz.com.mx\/sitio\/?p=31895"},"modified":"2026-09-04T14:30:46","modified_gmt":"2026-09-04T20:30:46","slug":"fge-y-fgr-investigaran-fallecimiento-del-diputado-federal-zenyazen-escobar-segob","status":"publish","type":"post","link":"https:\/\/www.diarioholaveracruz.com.mx\/sitio\/fge-y-fgr-investigaran-fallecimiento-del-diputado-federal-zenyazen-escobar-segob\/","title":{"rendered":"FGE y FGR investigar\u00e1n fallecimiento del diputado federal Zenyazen Escobar: SEGOB"},"content":{"rendered":"<div id=\"diari-2993199118\" class=\"diari-antes-del-contenido diari-entity-placement\" style=\"margin-left: auto;margin-right: auto;text-align: center;\"><a href=\"https:\/\/www.ssaver.gob.mx\/\" aria-label=\"BANNER_315x500-px\"><img loading=\"lazy\" decoding=\"async\" src=\"https:\/\/www.diarioholaveracruz.com.mx\/sitio\/wp-content\/uploads\/2026\/05\/BANNER_315x500-px-1-scaled.png\" alt=\"\"  srcset=\"https:\/\/www.diarioholaveracruz.com.mx\/sitio\/wp-content\/uploads\/2026\/05\/BANNER_315x500-px-1-scaled.png 2560w, https:\/\/www.diarioholaveracruz.com.mx\/sitio\/wp-content\/uploads\/2026\/05\/BANNER_315x500-px-1-300x48.png 300w, https:\/\/www.diarioholaveracruz.com.mx\/sitio\/wp-content\/uploads\/2026\/05\/BANNER_315x500-px-1-1024x163.png 1024w, https:\/\/www.diarioholaveracruz.com.mx\/sitio\/wp-content\/uploads\/2026\/05\/BANNER_315x500-px-1-768x122.png 768w, https:\/\/www.diarioholaveracruz.com.mx\/sitio\/wp-content\/uploads\/2026\/05\/BANNER_315x500-px-1-1536x244.png 1536w, https:\/\/www.diarioholaveracruz.com.mx\/sitio\/wp-content\/uploads\/2026\/05\/BANNER_315x500-px-1-2048x326.png 2048w, https:\/\/www.diarioholaveracruz.com.mx\/sitio\/wp-content\/uploads\/2026\/05\/BANNER_315x500-px-1-860x137.png 860w, https:\/\/www.diarioholaveracruz.com.mx\/sitio\/wp-content\/uploads\/2026\/05\/BANNER_315x500-px-1-760x121.png 760w\" sizes=\"(max-width: 2560px) 100vw, 2560px\" width=\"800\" height=\"107\"   \/><\/a><\/div><p class=\"s8\"><span class=\"s5\">Xalapa, Ver., viernes 4 de septiembre de 2026.-<\/span> <span class=\"s4\">El Gobierno del Estado confirma el fallecimiento del diputado federal <\/span><span class=\"s4\">Zenyazen<\/span><span class=\"s4\"> Escobar Garc\u00eda, cuyo cuerpo fue localizado este viernes en la localidad de La Gloria, municipio de Puente Nacional.<\/span><\/p><div id=\"diari-700768284\" class=\"diari-contenido diari-entity-placement\"><a href=\"https:\/\/www.veracruz.gob.mx\/seguridad\/denuncia-ciudadana-y-linea-de-emergencia\/\" aria-label=\"DENUNCIA BANNER 468 X 60\"><img loading=\"lazy\" decoding=\"async\" src=\"https:\/\/www.diarioholaveracruz.com.mx\/sitio\/wp-content\/uploads\/2026\/06\/DENUNCIA-BANNER-468-X-60.jpg\" alt=\"\"  srcset=\"https:\/\/www.diarioholaveracruz.com.mx\/sitio\/wp-content\/uploads\/2026\/06\/DENUNCIA-BANNER-468-X-60.jpg 1872w, https:\/\/www.diarioholaveracruz.com.mx\/sitio\/wp-content\/uploads\/2026\/06\/DENUNCIA-BANNER-468-X-60-300x38.jpg 300w, https:\/\/www.diarioholaveracruz.com.mx\/sitio\/wp-content\/uploads\/2026\/06\/DENUNCIA-BANNER-468-X-60-1024x131.jpg 1024w, https:\/\/www.diarioholaveracruz.com.mx\/sitio\/wp-content\/uploads\/2026\/06\/DENUNCIA-BANNER-468-X-60-768x98.jpg 768w, https:\/\/www.diarioholaveracruz.com.mx\/sitio\/wp-content\/uploads\/2026\/06\/DENUNCIA-BANNER-468-X-60-1536x197.jpg 1536w, https:\/\/www.diarioholaveracruz.com.mx\/sitio\/wp-content\/uploads\/2026\/06\/DENUNCIA-BANNER-468-X-60-860x110.jpg 860w, https:\/\/www.diarioholaveracruz.com.mx\/sitio\/wp-content\/uploads\/2026\/06\/DENUNCIA-BANNER-468-X-60-760x97.jpg 760w\" sizes=\"(max-width: 1872px) 100vw, 1872px\" width=\"1872\" height=\"240\"   \/><\/a><\/div>\n<p class=\"s8\"><span class=\"s4\">El secretario de Gobierno, Ricardo Ahued <\/span><span class=\"s4\">Bardahuil<\/span><span class=\"s4\">, inform\u00f3 que, tras el hallazgo, la Fiscal\u00eda General del Estado <\/span><span class=\"s4\">(FGE) <\/span><span class=\"s4\">se constituy\u00f3 en el lugar para realizar las diligencias y peritajes correspondientes e integrar la carpeta de investigaci\u00f3n para esclarecer las circunstancias de los hechos.<\/span><a name=\"_GoBack\"><\/a><\/p>\n<p class=\"s8\"><span class=\"s4\">Asimismo, se\u00f1al\u00f3 que la Fiscal\u00eda General de la Rep\u00fablica<\/span><span class=\"s4\"> (FGR)<\/span><span class=\"s4\"> atraer\u00e1 el caso para reforzar las investigaciones y agotar todas las l\u00edneas que permitan establecer con precisi\u00f3n lo ocurrido.<\/span><\/p>\n<p class=\"s8\"><span class=\"s4\">El Gobierno del Estado lamenta profundamente este deceso y expresa sus condolencias, respeto y solidaridad a los familiares y seres queridos del diputado federal, as\u00ed como a sus compa\u00f1eras y compa\u00f1eros legisladores.<\/span><\/p>\n<p><img loading=\"lazy\" loading=\"lazy\" decoding=\"async\" class=\"alignnone size-full wp-image-31898\" src=\"https:\/\/www.diarioholaveracruz.com.mx\/sitio\/wp-content\/uploads\/2026\/09\/WhatsApp-Image-2026-09-04-at-13.52.13-1.jpeg\" alt=\"\" width=\"1600\" height=\"1118\" srcset=\"https:\/\/www.diarioholaveracruz.com.mx\/sitio\/wp-content\/uploads\/2026\/09\/WhatsApp-Image-2026-09-04-at-13.52.13-1.jpeg 1600w, https:\/\/www.diarioholaveracruz.com.mx\/sitio\/wp-content\/uploads\/2026\/09\/WhatsApp-Image-2026-09-04-at-13.52.13-1-300x210.jpeg 300w, https:\/\/www.diarioholaveracruz.com.mx\/sitio\/wp-content\/uploads\/2026\/09\/WhatsApp-Image-2026-09-04-at-13.52.13-1-1024x716.jpeg 1024w, https:\/\/www.diarioholaveracruz.com.mx\/sitio\/wp-content\/uploads\/2026\/09\/WhatsApp-Image-2026-09-04-at-13.52.13-1-768x537.jpeg 768w, https:\/\/www.diarioholaveracruz.com.mx\/sitio\/wp-content\/uploads\/2026\/09\/WhatsApp-Image-2026-09-04-at-13.52.13-1-1536x1073.jpeg 1536w, https:\/\/www.diarioholaveracruz.com.mx\/sitio\/wp-content\/uploads\/2026\/09\/WhatsApp-Image-2026-09-04-at-13.52.13-1-860x601.jpeg 860w, https:\/\/www.diarioholaveracruz.com.mx\/sitio\/wp-content\/uploads\/2026\/09\/WhatsApp-Image-2026-09-04-at-13.52.13-1-760x531.jpeg 760w\" sizes=\"auto, (max-width: 1600px) 100vw, 1600px\" \/> <img loading=\"lazy\" loading=\"lazy\" decoding=\"async\" class=\"alignnone size-full wp-image-31899\" src=\"https:\/\/www.diarioholaveracruz.com.mx\/sitio\/wp-content\/uploads\/2026\/09\/WhatsApp-Image-2026-09-04-at-13.52.13.jpeg\" alt=\"\" width=\"1600\" height=\"1294\" srcset=\"https:\/\/www.diarioholaveracruz.com.mx\/sitio\/wp-content\/uploads\/2026\/09\/WhatsApp-Image-2026-09-04-at-13.52.13.jpeg 1600w, https:\/\/www.diarioholaveracruz.com.mx\/sitio\/wp-content\/uploads\/2026\/09\/WhatsApp-Image-2026-09-04-at-13.52.13-300x243.jpeg 300w, https:\/\/www.diarioholaveracruz.com.mx\/sitio\/wp-content\/uploads\/2026\/09\/WhatsApp-Image-2026-09-04-at-13.52.13-1024x828.jpeg 1024w, https:\/\/www.diarioholaveracruz.com.mx\/sitio\/wp-content\/uploads\/2026\/09\/WhatsApp-Image-2026-09-04-at-13.52.13-768x621.jpeg 768w, https:\/\/www.diarioholaveracruz.com.mx\/sitio\/wp-content\/uploads\/2026\/09\/WhatsApp-Image-2026-09-04-at-13.52.13-1536x1242.jpeg 1536w, https:\/\/www.diarioholaveracruz.com.mx\/sitio\/wp-content\/uploads\/2026\/09\/WhatsApp-Image-2026-09-04-at-13.52.13-860x696.jpeg 860w, https:\/\/www.diarioholaveracruz.com.mx\/sitio\/wp-content\/uploads\/2026\/09\/WhatsApp-Image-2026-09-04-at-13.52.13-760x615.jpeg 760w\" sizes=\"auto, (max-width: 1600px) 100vw, 1600px\" \/><\/p>\n","protected":false},"excerpt":{"rendered":"<p>Xalapa, Ver., viernes 4 de septiembre de 2026.- El Gobierno del Estado confirma el fallecimiento del diputado federal Zenyazen Escobar Garc\u00eda, cuyo cuerpo fue localizado este viernes en la localidad de La Gloria, municipio de Puente Nacional. El secretario de Gobierno, Ricardo Ahued Bardahuil, inform\u00f3 que, tras el hallazgo, la Fiscal\u00eda General del Estado (FGE) [&hellip;]<\/p>\n","protected":false},"author":1,"featured_media":31898,"comment_status":"open","ping_status":"open","sticky":false,"template":"","format":"standard","meta":{"pagelayer_contact_templates":[],"_pagelayer_content":"","footnotes":""},"categories":[118,50],"tags":[],"class_list":["post-31895","post","type-post","status-publish","format-standard","has-post-thumbnail","category-comunicados","category-destacadas"],"_links":{"self":[{"href":"https:\/\/www.diarioholaveracruz.com.mx\/sitio\/wp-json\/wp\/v2\/posts\/31895","targetHints":{"allow":["GET"]}}],"collection":[{"href":"https:\/\/www.diarioholaveracruz.com.mx\/sitio\/wp-json\/wp\/v2\/posts"}],"about":[{"href":"https:\/\/www.diarioholaveracruz.com.mx\/sitio\/wp-json\/wp\/v2\/types\/post"}],"author":[{"embeddable":true,"href":"https:\/\/www.diarioholaveracruz.com.mx\/sitio\/wp-json\/wp\/v2\/users\/1"}],"replies":[{"embeddable":true,"href":"https:\/\/www.diarioholaveracruz.com.mx\/sitio\/wp-json\/wp\/v2\/comments?post=31895"}],"version-history":[{"count":1,"href":"https:\/\/www.diarioholaveracruz.com.mx\/sitio\/wp-json\/wp\/v2\/posts\/31895\/revisions"}],"predecessor-version":[{"id":31900,"href":"https:\/\/www.diarioholaveracruz.com.mx\/sitio\/wp-json\/wp\/v2\/posts\/31895\/revisions\/31900"}],"wp:featuredmedia":[{"embeddable":true,"href":"https:\/\/www.diarioholaveracruz.com.mx\/sitio\/wp-json\/wp\/v2\/media\/31898"}],"wp:attachment":[{"href":"https:\/\/www.diarioholaveracruz.com.mx\/sitio\/wp-json\/wp\/v2\/media?parent=31895"}],"wp:term":[{"taxonomy":"category","embeddable":true,"href":"https:\/\/www.diarioholaveracruz.com.mx\/sitio\/wp-json\/wp\/v2\/categories?post=31895"},{"taxonomy":"post_tag","embeddable":true,"href":"https:\/\/www.diarioholaveracruz.com.mx\/sitio\/wp-json\/wp\/v2\/tags?post=31895"}],"curies":[{"name":"wp","href":"https:\/\/api.w.org\/{rel}","templated":true}]}}